{"id":2167,"date":"2017-10-05T11:54:43","date_gmt":"2017-10-05T09:54:43","guid":{"rendered":"http:\/\/kgs-niederrad.de\/?p=2167"},"modified":"2017-11-11T11:21:04","modified_gmt":"2017-11-11T10:21:04","slug":"wir-gehen-in-die-herbstferien","status":"publish","type":"post","link":"https:\/\/kgs-niederrad.de\/index.php\/2017\/10\/05\/wir-gehen-in-die-herbstferien\/","title":{"rendered":"Wir gehen in die Herbstferien"},"content":{"rendered":"<p>Liebe Eltern.<\/p>\n<p>Der Unterricht endet morgen am Freitag den 06.10.2017, um 11.00 Uhr.<\/p>\n<p>Wir w\u00fcnschen allen Sch\u00fclerinnen und Sch\u00fclern eine sch\u00f6ne Ferienzeit!<\/p>\n<p>Ihr und euer Schulteam<\/p>\n","protected":false},"excerpt":{"rendered":"<p>Liebe Eltern. Der Unterricht endet morgen am Freitag den 06.10.2017, um 11.00 Uhr. Wir w\u00fcnschen allen Sch\u00fclerinnen und Sch\u00fclern eine sch\u00f6ne Ferienzeit! Ihr und euer Schulteam<\/p>\n","protected":false},"author":1,"featured_media":2182,"comment_status":"closed","ping_status":"open","sticky":false,"template":"","format":"standard","meta":[],"categories":[1],"tags":[],"_links":{"self":[{"href":"https:\/\/kgs-niederrad.de\/index.php\/wp-json\/wp\/v2\/posts\/2167"}],"collection":[{"href":"https:\/\/kgs-niederrad.de\/index.php\/wp-json\/wp\/v2\/posts"}],"about":[{"href":"https:\/\/kgs-niederrad.de\/index.php\/wp-json\/wp\/v2\/types\/post"}],"author":[{"embeddable":true,"href":"https:\/\/kgs-niederrad.de\/index.php\/wp-json\/wp\/v2\/users\/1"}],"replies":[{"embeddable":true,"href":"https:\/\/kgs-niederrad.de\/index.php\/wp-json\/wp\/v2\/comments?post=2167"}],"version-history":[{"count":3,"href":"https:\/\/kgs-niederrad.de\/index.php\/wp-json\/wp\/v2\/posts\/2167\/revisions"}],"predecessor-version":[{"id":2183,"href":"https:\/\/kgs-niederrad.de\/index.php\/wp-json\/wp\/v2\/posts\/2167\/revisions\/2183"}],"wp:featuredmedia":[{"embeddable":true,"href":"https:\/\/kgs-niederrad.de\/index.php\/wp-json\/wp\/v2\/media\/2182"}],"wp:attachment":[{"href":"https:\/\/kgs-niederrad.de\/index.php\/wp-json\/wp\/v2\/media?parent=2167"}],"wp:term":[{"taxonomy":"category","embeddable":true,"href":"https:\/\/kgs-niederrad.de\/index.php\/wp-json\/wp\/v2\/categories?post=2167"},{"taxonomy":"post_tag","embeddable":true,"href":"https:\/\/kgs-niederrad.de\/index.php\/wp-json\/wp\/v2\/tags?post=2167"}],"curies":[{"name":"wp","href":"https:\/\/api.w.org\/{rel}","templated":true}]}}