{"id":2390,"date":"2018-10-05T17:20:37","date_gmt":"2018-10-05T15:20:37","guid":{"rendered":"http:\/\/kgs-niederrad.de\/?p=2390"},"modified":"2018-11-16T17:23:15","modified_gmt":"2018-11-16T16:23:15","slug":"vom-do-it-yourself-zum-do-it-together-die-maedchen-ag-auf-radio-x","status":"publish","type":"post","link":"https:\/\/kgs-niederrad.de\/index.php\/2018\/10\/05\/vom-do-it-yourself-zum-do-it-together-die-maedchen-ag-auf-radio-x\/","title":{"rendered":"Vom Do-it-yourself zum Do-it-together \u2013 die M\u00e4dchen*-AG auf radio x"},"content":{"rendered":"<p>Am 05.10.2018 wurde die Radiosendung \u201eVom Do-it-Yourself zum Do-it-Together\u201c live bei dem Frankfurter Radiosender radio x gesendet. In der Radiosendung wurden die M\u00e4dchen*-AG der KGS Niederrad und das Zine (ihre selbstgemachte Zeitschrift) vorgestellt. Au\u00dferdem haben die Teilnehmerinnen der AG \u00fcber den Internationalen M\u00e4dchen*tag und die dazugeh\u00f6rigen Aktionen in Frankfurt berichtet. Passend dazu hat die AG extra f\u00fcr die Sendung Girl*-Powersongs ausgesucht.<\/p>\n","protected":false},"excerpt":{"rendered":"<p>Am 05.10.2018 wurde die Radiosendung \u201eVom Do-it-Yourself zum Do-it-Together\u201c live bei dem Frankfurter Radiosender radio x gesendet. In der Radiosendung wurden die M\u00e4dchen*-AG der KGS Niederrad und das Zine (ihre selbstgemachte Zeitschrift) vorgestellt. Au\u00dferdem haben die Teilnehmerinnen der AG \u00fcber [&hellip;]<\/p>\n","protected":false},"author":1,"featured_media":2389,"comment_status":"closed","ping_status":"open","sticky":false,"template":"","format":"standard","meta":[],"categories":[1],"tags":[],"_links":{"self":[{"href":"https:\/\/kgs-niederrad.de\/index.php\/wp-json\/wp\/v2\/posts\/2390"}],"collection":[{"href":"https:\/\/kgs-niederrad.de\/index.php\/wp-json\/wp\/v2\/posts"}],"about":[{"href":"https:\/\/kgs-niederrad.de\/index.php\/wp-json\/wp\/v2\/types\/post"}],"author":[{"embeddable":true,"href":"https:\/\/kgs-niederrad.de\/index.php\/wp-json\/wp\/v2\/users\/1"}],"replies":[{"embeddable":true,"href":"https:\/\/kgs-niederrad.de\/index.php\/wp-json\/wp\/v2\/comments?post=2390"}],"version-history":[{"count":3,"href":"https:\/\/kgs-niederrad.de\/index.php\/wp-json\/wp\/v2\/posts\/2390\/revisions"}],"predecessor-version":[{"id":2393,"href":"https:\/\/kgs-niederrad.de\/index.php\/wp-json\/wp\/v2\/posts\/2390\/revisions\/2393"}],"wp:featuredmedia":[{"embeddable":true,"href":"https:\/\/kgs-niederrad.de\/index.php\/wp-json\/wp\/v2\/media\/2389"}],"wp:attachment":[{"href":"https:\/\/kgs-niederrad.de\/index.php\/wp-json\/wp\/v2\/media?parent=2390"}],"wp:term":[{"taxonomy":"category","embeddable":true,"href":"https:\/\/kgs-niederrad.de\/index.php\/wp-json\/wp\/v2\/categories?post=2390"},{"taxonomy":"post_tag","embeddable":true,"href":"https:\/\/kgs-niederrad.de\/index.php\/wp-json\/wp\/v2\/tags?post=2390"}],"curies":[{"name":"wp","href":"https:\/\/api.w.org\/{rel}","templated":true}]}}