{"id":2474,"date":"2019-03-28T14:42:11","date_gmt":"2019-03-28T13:42:11","guid":{"rendered":"http:\/\/kgs-niederrad.de\/?p=2474"},"modified":"2019-05-30T22:38:06","modified_gmt":"2019-05-30T20:38:06","slug":"boysgirlsday2019","status":"publish","type":"post","link":"https:\/\/kgs-niederrad.de\/index.php\/2019\/03\/28\/boysgirlsday2019\/","title":{"rendered":"Boys- and Girls-Day 2019"},"content":{"rendered":"<p>Zum ersten Mal nahmen Sch\u00fclerinnen und Sch\u00fcler der KGS Niederrad am 28.03.2019 am diesj\u00e4hrigen Girls\u2019 &amp;amp; Boys Day teil.<\/p>\n<p>Die Initiative hat zum Ziel jungen Menschen die M\u00f6glichkeit zu bieten an diesem Tag in einer unbegrenzten Anzahl von Berufen reinzuschnuppern und erste Erfahrungen zu machen. Dabei geht es darum M\u00e4dchen und Jungen zu<br \/>\nmotivieren und zu best\u00e4rken in ihrer Berufswahl sich von Klischess zu befreien. Vielmehr sollen pers\u00f6nliche Interessen, F\u00e4higkeiten und Neigungen ihren Berufswunsch bestimmen.<\/p>\n<p><img loading=\"lazy\" class=\"aligncenter size-large wp-image-2477\" src=\"http:\/\/kgs-niederrad.de\/wp-content\/uploads\/2019\/05\/IMG_1192-1024x768.jpg\" alt=\"\" width=\"640\" height=\"480\" srcset=\"https:\/\/kgs-niederrad.de\/wp-content\/uploads\/2019\/05\/IMG_1192.jpg 1024w, https:\/\/kgs-niederrad.de\/wp-content\/uploads\/2019\/05\/IMG_1192-300x225.jpg 300w, https:\/\/kgs-niederrad.de\/wp-content\/uploads\/2019\/05\/IMG_1192-768x576.jpg 768w, https:\/\/kgs-niederrad.de\/wp-content\/uploads\/2019\/05\/IMG_1192-400x300.jpg 400w\" sizes=\"(max-width: 640px) 100vw, 640px\" \/><\/p>\n<p>Der Praxistag er\u00f6ffnete unseren Sch\u00fclerinnen und Sch\u00fclern erste Einblicke und Erfahrungen in verschiedenen Berufen. M\u00e4dchen arbeiteten z.B. in Handwerk und Technik und Jungen in Pflege und Kitas. Mit Begeisterung<br \/>\nberichteten sie anschlie\u00dfend in den Klassen, so zum Beispiel Ngoc Anh: \u201eIch habe im Hotel Leonardo in der K\u00fcche gearbeitet. An diesem Tag habe ich gelernt, dass das Arbeiten in der K\u00fcche keine einfache Aufgabe ist. Man<br \/>\nben\u00f6tigt viel Geduld um Essen zu zubereiten und au\u00dferdem braucht man viel Wissen f\u00fcr diesen Beruf. So habe ich auch gelernt, dass man auch viel Zeit braucht um etwas zu erreichen. Der Tag hat mir sehr viel Spa\u00df gemacht.\u201c<\/p>\n<p><img loading=\"lazy\" class=\"aligncenter size-large wp-image-2476\" src=\"http:\/\/kgs-niederrad.de\/wp-content\/uploads\/2019\/05\/3effc357-2e95-4c50-bf44-3a0ac72ddb16-1024x684.jpg\" alt=\"\" width=\"640\" height=\"428\" srcset=\"https:\/\/kgs-niederrad.de\/wp-content\/uploads\/2019\/05\/3effc357-2e95-4c50-bf44-3a0ac72ddb16-1024x684.jpg 1024w, https:\/\/kgs-niederrad.de\/wp-content\/uploads\/2019\/05\/3effc357-2e95-4c50-bf44-3a0ac72ddb16-300x200.jpg 300w, https:\/\/kgs-niederrad.de\/wp-content\/uploads\/2019\/05\/3effc357-2e95-4c50-bf44-3a0ac72ddb16-768x513.jpg 768w, https:\/\/kgs-niederrad.de\/wp-content\/uploads\/2019\/05\/3effc357-2e95-4c50-bf44-3a0ac72ddb16-400x267.jpg 400w, https:\/\/kgs-niederrad.de\/wp-content\/uploads\/2019\/05\/3effc357-2e95-4c50-bf44-3a0ac72ddb16.jpg 1600w\" sizes=\"(max-width: 640px) 100vw, 640px\" \/><\/p>\n<p>Auf diesem Weg bedankt sich das KGS Team bei allen Arbeitgeberinnen und Arbeitgeber, die unsere Sch\u00fcler herzlich aufnahmen und betreuten. Wir freuen uns auch im n\u00e4chsten Jahr auf eine enge Kooperation mit Ihnen.<br \/>\nNach den vielen positiven diesj\u00e4hrigen R\u00fcckmeldungen, erwarten wir im n\u00e4chsten Schuljahr eine gr\u00f6\u00dfere Teilnehmerzahl. Es bleibt spannend!<\/p>\n<p><img loading=\"lazy\" class=\"aligncenter size-large wp-image-2478\" src=\"http:\/\/kgs-niederrad.de\/wp-content\/uploads\/2019\/05\/961ceca4-2bfb-42c0-85ec-08067d4e54cb-576x1024.jpg\" alt=\"\" width=\"576\" height=\"1024\" srcset=\"https:\/\/kgs-niederrad.de\/wp-content\/uploads\/2019\/05\/961ceca4-2bfb-42c0-85ec-08067d4e54cb-576x1024.jpg 576w, https:\/\/kgs-niederrad.de\/wp-content\/uploads\/2019\/05\/961ceca4-2bfb-42c0-85ec-08067d4e54cb-169x300.jpg 169w, https:\/\/kgs-niederrad.de\/wp-content\/uploads\/2019\/05\/961ceca4-2bfb-42c0-85ec-08067d4e54cb-768x1365.jpg 768w, https:\/\/kgs-niederrad.de\/wp-content\/uploads\/2019\/05\/961ceca4-2bfb-42c0-85ec-08067d4e54cb-400x711.jpg 400w, https:\/\/kgs-niederrad.de\/wp-content\/uploads\/2019\/05\/961ceca4-2bfb-42c0-85ec-08067d4e54cb.jpg 900w\" sizes=\"(max-width: 576px) 100vw, 576px\" \/><\/p>\n<p>Weitere Infos zum Girlsday: <a href=\"https:\/\/youtu.be\/5WBqtLis3qY\">https:\/\/youtu.be\/5WBqtLis3qY<\/a><\/p>\n<p>Weitere Infos zum Boysday: <a href=\"https:\/\/youtu.be\/6sYlDS3pQCU\">https:\/\/youtu.be\/6sYlDS3pQCU<\/a><\/p>\n<p>Der n\u00e4chste Girls- and Boysday ist am 26.03.2020 und klar, wir sind wieder mit dabei.<\/p>\n<p>Euer und Ihr Team der<br \/>\nKGS Niederrad<\/p>\n","protected":false},"excerpt":{"rendered":"<p>Zum ersten Mal nahmen Sch\u00fclerinnen und Sch\u00fcler der KGS Niederrad am 28.03.2019 am diesj\u00e4hrigen Girls\u2019 &amp;amp; Boys Day teil. Die Initiative hat zum Ziel jungen Menschen die M\u00f6glichkeit zu bieten an diesem Tag in einer unbegrenzten Anzahl von Berufen reinzuschnuppern [&hellip;]<\/p>\n","protected":false},"author":1,"featured_media":2475,"comment_status":"closed","ping_status":"open","sticky":false,"template":"","format":"standard","meta":[],"categories":[1],"tags":[],"_links":{"self":[{"href":"https:\/\/kgs-niederrad.de\/index.php\/wp-json\/wp\/v2\/posts\/2474"}],"collection":[{"href":"https:\/\/kgs-niederrad.de\/index.php\/wp-json\/wp\/v2\/posts"}],"about":[{"href":"https:\/\/kgs-niederrad.de\/index.php\/wp-json\/wp\/v2\/types\/post"}],"author":[{"embeddable":true,"href":"https:\/\/kgs-niederrad.de\/index.php\/wp-json\/wp\/v2\/users\/1"}],"replies":[{"embeddable":true,"href":"https:\/\/kgs-niederrad.de\/index.php\/wp-json\/wp\/v2\/comments?post=2474"}],"version-history":[{"count":5,"href":"https:\/\/kgs-niederrad.de\/index.php\/wp-json\/wp\/v2\/posts\/2474\/revisions"}],"predecessor-version":[{"id":2511,"href":"https:\/\/kgs-niederrad.de\/index.php\/wp-json\/wp\/v2\/posts\/2474\/revisions\/2511"}],"wp:featuredmedia":[{"embeddable":true,"href":"https:\/\/kgs-niederrad.de\/index.php\/wp-json\/wp\/v2\/media\/2475"}],"wp:attachment":[{"href":"https:\/\/kgs-niederrad.de\/index.php\/wp-json\/wp\/v2\/media?parent=2474"}],"wp:term":[{"taxonomy":"category","embeddable":true,"href":"https:\/\/kgs-niederrad.de\/index.php\/wp-json\/wp\/v2\/categories?post=2474"},{"taxonomy":"post_tag","embeddable":true,"href":"https:\/\/kgs-niederrad.de\/index.php\/wp-json\/wp\/v2\/tags?post=2474"}],"curies":[{"name":"wp","href":"https:\/\/api.w.org\/{rel}","templated":true}]}}