{"id":3292,"date":"2021-07-12T12:11:53","date_gmt":"2021-07-12T10:11:53","guid":{"rendered":"http:\/\/kgs-niederrad.de\/?p=3292"},"modified":"2021-07-13T16:01:06","modified_gmt":"2021-07-13T14:01:06","slug":"__trashed","status":"publish","type":"post","link":"https:\/\/kgs-niederrad.de\/index.php\/2021\/07\/12\/__trashed\/","title":{"rendered":"Ferienprogramm der Jugendhilfe"},"content":{"rendered":"\n<p>Liebe Eltern, liebe Erziehungsberechtigte, liebe Sch\u00fclerinnen und Sch\u00fcler,<\/p>\n\n\n\n<p>wir sind gl\u00fccklich Ihnen bzw. euch mitteilen zu k\u00f6nnen, dass wir dieses Jahr trotzt Pandemie ein Ferienangebot f\u00fcr die Sommerferien anbieten k\u00f6nnen.<\/p>\n\n\n\n<p>Das Programm ist kostenlos und geht von 09:00 Uhr bis 14:00 Uhr.<br>Wenn Sie und Ihr Kind Interesse oder Fragen haben, bitte kontaktieren Sie uns, die Kontaktdaten sowie das komplette Angebot finden Sie im Flyer.<\/p>\n\n\n\n<p>Eure JuHi<\/p>\n\n\n\n<p><\/p>\n\n\n\n<figure class=\"wp-block-image size-large\"><img loading=\"lazy\" width=\"1024\" height=\"725\" src=\"http:\/\/kgs-niederrad.de\/wp-content\/uploads\/2021\/07\/Sommerferien-Jugendhilfe-1-1024x725.png\" alt=\"\" class=\"wp-image-3295\" srcset=\"https:\/\/kgs-niederrad.de\/wp-content\/uploads\/2021\/07\/Sommerferien-Jugendhilfe-1-1024x725.png 1024w, https:\/\/kgs-niederrad.de\/wp-content\/uploads\/2021\/07\/Sommerferien-Jugendhilfe-1-300x212.png 300w, https:\/\/kgs-niederrad.de\/wp-content\/uploads\/2021\/07\/Sommerferien-Jugendhilfe-1-768x544.png 768w, https:\/\/kgs-niederrad.de\/wp-content\/uploads\/2021\/07\/Sommerferien-Jugendhilfe-1-400x283.png 400w, https:\/\/kgs-niederrad.de\/wp-content\/uploads\/2021\/07\/Sommerferien-Jugendhilfe-1.png 1150w\" sizes=\"(max-width: 1024px) 100vw, 1024px\" \/><\/figure>\n\n\n\n<figure class=\"wp-block-image size-large\"><img src=\"http:\/\/kgs-niederrad.de\/wp-content\/uploads\/2021\/07\/Sommerferien-Jugendhilfe-2.png\" alt=\"\"\/><\/figure>\n","protected":false},"excerpt":{"rendered":"<p>Liebe Eltern, liebe Erziehungsberechtigte, liebe Sch\u00fclerinnen und Sch\u00fcler, wir sind gl\u00fccklich Ihnen bzw. euch mitteilen zu k\u00f6nnen, dass wir dieses Jahr trotzt Pandemie ein Ferienangebot f\u00fcr die Sommerferien anbieten k\u00f6nnen. Das Programm ist kostenlos und geht von 09:00 Uhr bis [&hellip;]<\/p>\n","protected":false},"author":4,"featured_media":3302,"comment_status":"closed","ping_status":"open","sticky":false,"template":"","format":"standard","meta":[],"categories":[1],"tags":[],"_links":{"self":[{"href":"https:\/\/kgs-niederrad.de\/index.php\/wp-json\/wp\/v2\/posts\/3292"}],"collection":[{"href":"https:\/\/kgs-niederrad.de\/index.php\/wp-json\/wp\/v2\/posts"}],"about":[{"href":"https:\/\/kgs-niederrad.de\/index.php\/wp-json\/wp\/v2\/types\/post"}],"author":[{"embeddable":true,"href":"https:\/\/kgs-niederrad.de\/index.php\/wp-json\/wp\/v2\/users\/4"}],"replies":[{"embeddable":true,"href":"https:\/\/kgs-niederrad.de\/index.php\/wp-json\/wp\/v2\/comments?post=3292"}],"version-history":[{"count":13,"href":"https:\/\/kgs-niederrad.de\/index.php\/wp-json\/wp\/v2\/posts\/3292\/revisions"}],"predecessor-version":[{"id":3310,"href":"https:\/\/kgs-niederrad.de\/index.php\/wp-json\/wp\/v2\/posts\/3292\/revisions\/3310"}],"wp:featuredmedia":[{"embeddable":true,"href":"https:\/\/kgs-niederrad.de\/index.php\/wp-json\/wp\/v2\/media\/3302"}],"wp:attachment":[{"href":"https:\/\/kgs-niederrad.de\/index.php\/wp-json\/wp\/v2\/media?parent=3292"}],"wp:term":[{"taxonomy":"category","embeddable":true,"href":"https:\/\/kgs-niederrad.de\/index.php\/wp-json\/wp\/v2\/categories?post=3292"},{"taxonomy":"post_tag","embeddable":true,"href":"https:\/\/kgs-niederrad.de\/index.php\/wp-json\/wp\/v2\/tags?post=3292"}],"curies":[{"name":"wp","href":"https:\/\/api.w.org\/{rel}","templated":true}]}}