{"id":3339,"date":"2021-09-28T08:13:01","date_gmt":"2021-09-28T06:13:01","guid":{"rendered":"http:\/\/kgs-niederrad.de\/?p=3339"},"modified":"2021-09-28T15:36:26","modified_gmt":"2021-09-28T13:36:26","slug":"unsere-ag-angebote-sind-da","status":"publish","type":"post","link":"https:\/\/kgs-niederrad.de\/index.php\/2021\/09\/28\/unsere-ag-angebote-sind-da\/","title":{"rendered":"Unsere AG-Angebote sind da!"},"content":{"rendered":"\n<p>&nbsp;<\/p>\n\n\n\n<figure class=\"wp-block-image size-large\"><img loading=\"lazy\" width=\"1024\" height=\"720\" src=\"http:\/\/kgs-niederrad.de\/wp-content\/uploads\/2021\/09\/AG-2122-BildStundenplan-1024x720.png\" alt=\"\" class=\"wp-image-3343\" srcset=\"https:\/\/kgs-niederrad.de\/wp-content\/uploads\/2021\/09\/AG-2122-BildStundenplan-1024x720.png 1024w, https:\/\/kgs-niederrad.de\/wp-content\/uploads\/2021\/09\/AG-2122-BildStundenplan-300x211.png 300w, https:\/\/kgs-niederrad.de\/wp-content\/uploads\/2021\/09\/AG-2122-BildStundenplan-768x540.png 768w, https:\/\/kgs-niederrad.de\/wp-content\/uploads\/2021\/09\/AG-2122-BildStundenplan-400x281.png 400w, https:\/\/kgs-niederrad.de\/wp-content\/uploads\/2021\/09\/AG-2122-BildStundenplan.png 1167w\" sizes=\"(max-width: 1024px) 100vw, 1024px\" \/><\/figure>\n\n\n\n<p><\/p>\n\n\n\n<p>Liebe Sch\u00fcler*innen, liebe Eltern und Erziehungsberechtigte,&nbsp;&nbsp;<\/p>\n\n\n\n<p>auch im Schuljahr 2021\/2022 wird es wieder ein vielf\u00e4ltiges&nbsp; Ganztagesangebot an der KGS Niederrad geben. Die&nbsp; Ganztagesangebote finden in der Regel von 15:15 Uhr bis 16:45&nbsp; Uhr, von Montag bis Donnerstag statt. An diesen Nachmittagen&nbsp; k\u00f6nnen die Sch\u00fcler*innen aus einem abwechslungsreichen&nbsp; Angebot w\u00e4hlen. Hier k\u00f6nnen neue Dinge ausprobiert oder&nbsp; schon bestehende Interessen vertieft werden. Im Zentrum von&nbsp; allem steht nat\u00fcrlich der Spa\u00df am Lernen und daran neue Dinge&nbsp; auszuprobieren. Dieses Heft soll dazu dienen euch\/ Ihnen einen&nbsp; \u00dcberblick \u00fcber alle Angebote zu bieten. Hierbei handelt es sich&nbsp; um ein \u201ework in progress\u201c- das bedeutet, dass das Angebot im&nbsp; Laufe des Schuljahres weiterwachsen und sich ver\u00e4ndern kann.&nbsp; Des Weiteren finden Sie hier Formulare zum Ausf\u00fcllen, die sie&nbsp; dann bei der Jugendhilfe abgeben k\u00f6nnen.&nbsp;&nbsp;<\/p>\n\n\n\n<p>Wir freuen uns sehr \u00fcber Feedback und die Zusammenarbeit im&nbsp; kommenden Schuljahr!&nbsp;&nbsp;<\/p>\n\n\n\n<p>Mit freundlichen Gr\u00fc\u00dfen<\/p>\n\n\n\n<p><\/p>\n\n\n\n<p><\/p>\n\n\n\n<p><strong>Einwahlverfahren<\/strong>\u00a0<\/p>\n\n\n\n<p>Aufgrund von Corona konnte leider das Ganztagangebot nicht&nbsp; wie gewohnt stattfinden. Wir freuen uns sehr, dass es jetzt&nbsp;wieder losgehen kann.&nbsp;&nbsp;<\/p>\n\n\n\n<p>Die Einwahl wird in diesem Schuljahr online stattfinden. Am&nbsp; besten besprecht ihr im Voraus mit euren Eltern, welche&nbsp; Angebote ihr besuchen m\u00f6chtet und macht euch gemeinsam&nbsp; einen Plan f\u00fcr die Woche (denkt dran, dass ihr euch auch Zeit&nbsp; f\u00fcr die Lernzeit etc. einplant).&nbsp;&nbsp;<\/p>\n\n\n\n<p>Von uns bekommen euren Tutor*innen einen Termin f\u00fcr die&nbsp; Einwahl. Gemeinsam mit ihnen und uns f\u00fcllt ihr das&nbsp; Einwahlformular online aus.. Hier ist es wichtig, dass ihr euch&nbsp; genau \u00fcberlegt, ob ihr die Zeit dazu habt und was euch Spa\u00df&nbsp; macht. Dann ihr mit 1. und 2. Wahl einer der AG-Angebote&nbsp; w\u00e4hlen.&nbsp;&nbsp;<\/p>\n\n\n\n<p>Wenn sich alle Sch\u00fcler*innen eingetragen haben werden wir so&nbsp; schnell wie m\u00f6glich bekannt geben wer in welchem Angebot&nbsp; angenommen wurde und ihr k\u00f6nnt euren ganz eigenen&nbsp; Wochenplan in eurem Logbuch vermerken.<\/p>\n\n\n\n<p>Toll w\u00e4re auch,&nbsp;&nbsp;wenn ihr diesen Plan nochmal mit euren Eltern\/&nbsp;&nbsp;Erziehungsberechtigten besprecht.&nbsp;Nach der Einwahl bekommt ihr einige&nbsp; Einverst\u00e4ndniserkl\u00e4rungen. Diese m\u00fcssen von euren Eltern\/&nbsp; Erziehungsberechtigten unterschrieben werden. Bitte gebt die&nbsp; unterschriebenen Einverst\u00e4ndniserkl\u00e4rungen bei der&nbsp; Jugendhilfe ab.&nbsp;&nbsp;<\/p>\n\n\n\n<p>Als offenes Angebot k\u00f6nnt ihr auch an Betreuung teilnehmen.&nbsp;&nbsp;<\/p>\n\n\n\n<p>In der Betreuung (13:40 \u2013 15:00 &amp; 15:15 \u2013 16:30 Uhr) k\u00f6nnt ihr euch mit Freunden treffen, abh\u00e4ngen, kickern&nbsp; oder spielen und dabei Musik h\u00f6ren.&nbsp;&nbsp;<\/p>\n\n\n\n<p>Allgemeines (Regeln)&nbsp;&nbsp;<\/p>\n\n\n\n<p>Damit die Angebote reibungslos ablaufen k\u00f6nnen, ist es wichtig,&nbsp; dass ihr ein paar Regeln einhaltet. Bitte denkt daran, die AG&nbsp; Angebote werden in eure Zeugnisse vermerkt. Es ist wichtig,&nbsp; dass ihr regelm\u00e4\u00dfig da sei und nicht unentschuldigt fehlt. Die&nbsp; Fehlzeiten k\u00f6nnen sonst&nbsp;&nbsp;in eurem Zeugnis stehen.&nbsp;&nbsp;<\/p>\n\n\n\n<p>Eine kurze Auflistung von wichtigen Regeln:&nbsp;&nbsp;<\/p>\n\n\n\n<p>\u2022 Ihr d\u00fcrft in der Zeit zwischen Unterricht und&nbsp; Ganztagesangebot nicht das Schulgel\u00e4nde verlassen.&nbsp;&nbsp;<\/p>\n\n\n\n<p>\u2022 Bei 3maligem unentschuldigtem Fehlen kann es sein,&nbsp; dass ihr aus dem Angebot ausgeschlossen werdet. Wenn das&nbsp; passiert, werden in der Regel auch eure Eltern informiert.&nbsp;&nbsp;<\/p>\n\n\n\n<p>\u2022 Die Angebotsleitungen haben die Verantwortung f\u00fcr euch.&nbsp; Deshalb ist es unbedingt notwendig, dass ihr auf Anweisungen&nbsp; der Leitung h\u00f6rt.&nbsp;&nbsp;<\/p>\n\n\n\n<p>\u2022 Bei konstanten Verfehlungen in den Angeboten, ist es den&nbsp; Leitungen m\u00f6glich einzelne Sch\u00fcler*innen vom Angebot&nbsp;&nbsp;<\/p>\n\n\n\n<p>auszuschlie\u00dfen. Auch in diesem Fall werden eure Eltern&nbsp; informiert werden.&nbsp;&nbsp;<\/p>\n\n\n\n<p>\u2022 In den Angeboten gelten dieselben Verhaltensregeln wie&nbsp; in euren Klassen.&nbsp;&nbsp;<\/p>\n\n\n\n<p>\u2022 Falls ihr ein Angebot au\u00dferhalb der KGS besucht, d\u00fcrft ihr&nbsp; nur direkt von dort nachhause gehen, wenn eure Eltern die&nbsp; angef\u00fcgte Erlaubnis ausgef\u00fcllt haben. Ansonsten m\u00fcsst ihr mit&nbsp; der AG-Leitung zur\u00fcck zur KGS kommen und von dort&nbsp; nachhause gehen.&nbsp;<\/p>\n\n\n\n<p><\/p>\n\n\n\n<p> <img loading=\"lazy\" width=\"119\" height=\"103\" src=\"https:\/\/lh3.googleusercontent.com\/_EPKA9-OGDBEAbzZJChUk_LRx-AMsOQFrZ9Yf4cZfYaduX9rEtn0td9AfvQn4ELNbUiWMcFGOzScHk-x0akOEoWshsfGewD9dt5hpUqE6LzH7dJMHcy6qSQM3wqCgFVUw8Ax_DNn=s0\">Bienen AG &#8211; Wir bauen gemeinsam unsere Schulimkerei!\u00a0 Unser Ziel ist es, unseren eigenen Honig zu ernten und zu\u00a0 verkosten. Bis es soweit ist, werden wir w\u00e4hrend der\u00a0 Wintermonate in der Schulwerkstatt die Bienenh\u00e4user selber\u00a0 bauen. Wir s\u00e4gen, h\u00e4mmern, schrauben und bereiten den\u00a0 Standort f\u00fcr die Bienen vor. Im Fr\u00fchjahr werden wir die Bienen\u00a0 in ihr neues Zuhause einziehen lassen und f\u00fcr die Bienen\u00a0 sorgen, damit sie uns leckeren Honig machen k\u00f6nnen. Wie\u00a0 man gut f\u00fcr seine Bienen sorgt lernt ihr Schritt f\u00fcr Schritt,\u00a0 indem wir Antworten auf Fragen wie diese finden. Wie sieht die Traumwohnung der Bienen aus?\u00a0 Woran erkenne ich, dass es den Bienen gut geht?\u00a0 Wie vermeidet man, dass die Bienen &#8222;abhauen&#8220;?\u00a0 Wie kann man verhindern, dass der Parasit Varroa den Bienen\u00a0 schadet?\u00a0\u00a0<\/p>\n\n\n\n<p>Wie k\u00f6nnen Bienen den Winter \u00fcberleben, wenn wir den Honig entnommen haben?&nbsp;&nbsp;<\/p>\n\n\n\n<p>Wie funktioniert die Best\u00e4ubung durch die Bienen?&nbsp;&nbsp;<\/p>\n\n\n\n<p>Mit welchen Problemen sind die Bienen durch&nbsp; Umweltverschmutzung und Klimawandel konfrontiert?&nbsp; Als langj\u00e4hriger Imker kann ich versichern:&nbsp;&nbsp;<\/p>\n\n\n\n<p>Bienen interessieren sich nicht f\u00fcr den Menschen oder sein&nbsp; Marmeladenbrot. Nur Wespen sind an deiner Cola,&nbsp; Marmelade oder Salami interessiert. Wenn wir an den&nbsp; Bienenv\u00f6lkern arbeiten, sind wir vorsichtshalber durch eine&nbsp; Imkerjacke und Handschuhe (wie die Profis) gesch\u00fctzt.&nbsp; Anf\u00e4ngliche Scheu und Vorsicht vor dem Neuen wird schnell&nbsp; tiefem Interesse und selbstverst\u00e4ndlichem, nat\u00fcrlichen&nbsp; Umgang mit den Bienen weichen.&nbsp;&nbsp;<\/p>\n\n\n\n<p>Wenn Sie als Eltern Sorgen oder Bedenken haben, stehe&nbsp; ich Ihnen gerne f\u00fcr ein Gespr\u00e4ch zur Verf\u00fcgung.<\/p>\n\n\n\n<p>Kontakt: &nbsp;Luca Hauptenbuchner&nbsp;<\/p>\n\n\n\n<p>Mail: luca.hauptenbuchner@junularo-ffm.de&nbsp;&nbsp;<\/p>\n\n\n\n<p>Tel.: 015901528117&nbsp;&nbsp;<\/p>\n\n\n\n<p>Tag: Montag&nbsp;&nbsp;<\/p>\n\n\n\n<p>Anzahl: 8 Teilnehmer*innen&nbsp;&nbsp;<\/p>\n\n\n\n<p>Ort: KGS Mainfeld\/ Werkstatt&nbsp;<\/p>\n\n\n\n<p><\/p>\n\n\n\n<p>Hip Hop <img loading=\"lazy\" src=\"https:\/\/lh3.googleusercontent.com\/vdJF6YyyOpuzsy0-C0F8nhmAynLLm1GML8Y2O2oeIblrV88nPxjeBOFNlVwca63A9AmzdH5ywpGgvbs1kxaNwSkZqpJfqv6wh_QuwVSE8XQtRJ66yllQ96jMLi0dORJhPLovU_7k=s0\" width=\"83\" height=\"122\">HipHop-Tanz z\u00e4hlt heutzutage zu den beliebtesten Tanzstilen&nbsp; und setzt sich zusammen aus einer Reihe von Richtungen zu&nbsp; unterschiedlichster Musik (Breakdance, Funkstile, House,&nbsp; HipHop). Als Trainer versuchen Les und Nia ihre Leidenschaft&nbsp; f\u00fcr den Tanz und die Kultur an die Sch\u00fcler*innen zu vermitteln,&nbsp; indem zu energiegeladener Musik die t\u00e4nzerischen&nbsp; Grundelemente ge\u00fcbt werden. Nach Wunsch der&nbsp; Sch\u00fcler*innen kann dar\u00fcber hinausgegangen werden und das&nbsp; Erlernte auf selbst ausgew\u00e4hlte Songs in Choreographien&nbsp; umgesetzt werden\u2026&nbsp;<\/p>\n\n\n\n<p>Tag: Montag&nbsp;&nbsp;<\/p>\n\n\n\n<p>Anzahl: max. 15 Teilnehmer*innen&nbsp;&nbsp;<\/p>\n\n\n\n<p>Ort: Salzmanturnhalle&nbsp;&nbsp;<\/p>\n\n\n\n<p><\/p>\n\n\n\n<p>Eisenbahn AG <img loading=\"lazy\" src=\"https:\/\/lh6.googleusercontent.com\/1q9qOPT4avZCw1djjxaCJAKHEAhTj0iiMTN1T45pnkVPQxJTQ87AOGucW2UBj0GnX716YnQ1gijKLfOgOkOvLn5qHookO5pCiz-ky37yu_J0scLcQ0oet4Oswneo-JApf9ZXkOXr=s0\" width=\"236\" height=\"74\"><\/p>\n\n\n\n<p>Ist Modellbahn ein Hobby f\u00fcr kleine Jungs, die Lokf\u00fchrer&nbsp; werden wollen? Ja auch, aber eigentlich ist es ein Hobby f\u00fcr&nbsp; alle, die wenigstens ein bisschen kreativ und geduldig sind,&nbsp; gerne mit Holz und Gips arbeiten, basteln oder auch mal was&nbsp; l\u00f6ten wollen. Ihr k\u00f6nnt aber auch Erfahrungen beim Aufbau&nbsp; elektrischer Schaltungen, dem Zeichnen von Pl\u00e4nen und&nbsp; Koordinieren von Arbeitsabl\u00e4ufen sammeln.&nbsp;&nbsp;<\/p>\n\n\n\n<p>Wie wir Baumaterial und Fahrzeuge beschaffen, ob jeder&nbsp; sein\/ihr eigenes kleines St\u00fcck Landschaft gestaltet, oder wir&nbsp; zusammen eine gro\u00dfe Fahranlage bauen k\u00f6nnen, soll bei&nbsp; unseren ersten Treffen besprochen werden.&nbsp;&nbsp;<\/p>\n\n\n\n<p>Tag: Montag&nbsp;&nbsp;<\/p>\n\n\n\n<p>Anzahl: max. 15 Teilnehmer*innen&nbsp;&nbsp;<\/p>\n\n\n\n<p>Ort: Mainfeld&nbsp;<\/p>\n\n\n\n<p><\/p>\n\n\n\n<p>Achtsamkeit AG <img loading=\"lazy\" src=\"https:\/\/lh5.googleusercontent.com\/zQ6IvVkY6mnPKADMK0iXNhpESWYWblahMqrplpywj2zmd28re7cz4O4sHvbhdkXDrgjvnmHxVow5KCOa1ZiPWoW12v2xASaWlT6k8zBK8LUtdI6PnyPl63xlxBnFfDSsRzjyUqy1=s0\" width=\"72\" height=\"118\">In einer schnelllebigen rasanten und zunehmend digitalen&nbsp; Welt ist unsere Aufmerksamkeit fast durchg\u00e4ngig auf im&nbsp; Au\u00dfen gerichtet und darauf, was andere tun, sagen und&nbsp; machen. Wir sind st\u00e4ndig dabei Ziele und Anforderungen zu&nbsp; erf\u00fcllen, die uns im Schulalltag auf das sp\u00e4tere Berufsleben&nbsp; vorbereiten sollen. Oft fehlt uns die Gelegenheit, die Zeit zu&nbsp; ,,stoppen\u201c, um inne zu halten und wirklich bewusst an uns zu&nbsp; denken.&nbsp;&nbsp;<\/p>\n\n\n\n<p>Dieser Kurs hilft dir dabei, neben deinem stressigen&nbsp; Schulalltag generell mal zu schauen was&nbsp;&nbsp;<\/p>\n\n\n\n<p>a) bewusstes Denken eigentlich ist und&nbsp;&nbsp;<\/p>\n\n\n\n<p>b) was du wirklich wirklich von deinem Leben willst.&nbsp;&nbsp;<\/p>\n\n\n\n<p>In diesem Kurs hast du endlich mal Zeit f\u00fcr dich, weil du lernst&nbsp; sie dir bewusst zu nehmen. Mit Achtsamkeits- und&nbsp; Wahrnehmungs\u00fcbungen \u00fcberpr\u00fcfen wir die Kommunikation&nbsp; mit dir selbst, wir wenden sie ins Positive, damit du mit&nbsp;&nbsp;<\/p>\n\n\n\n<p>geballter Power und einem ganz langen Atem in deinen Alltag&nbsp; zur\u00fcckkehren kannst.&nbsp;&nbsp;<\/p>\n\n\n\n<p>Wir werden uns bei dieser AG nicht konstant in den&nbsp; R\u00e4umlichkeiten der Schule aufhalten, sondern auch viel&nbsp; drau\u00dfen an der frischen Luft sein. Wenn mit Covid alles gut&nbsp; l\u00e4uft, werden wir auch gemeinsam kochen und backen. Ganz&nbsp; nach euren Bed\u00fcrfnissen und was euch Spa\u00df macht.&nbsp;&nbsp;<\/p>\n\n\n\n<p>Tag: Dienstag&nbsp;&nbsp;<\/p>\n\n\n\n<p>Anzahl: max. 10Teilnehmer*innen&nbsp;&nbsp;<\/p>\n\n\n\n<p>Ort: Mainfeld&nbsp;<\/p>\n\n\n\n<p>Skateboard AG&nbsp; <img loading=\"lazy\" src=\"https:\/\/lh3.googleusercontent.com\/BlOrd-vxmViFCGjO3b2eHoiP5WTBW-CtDWOr4wq_ZGUAGXhrmruP5i8Ty8L67fqDPsPL14S_Wiieo24u08kfbtPbR3ymyK2sd0Uv0_ELWazHpbogkuz5CK7g2DMCGOBXaoVm7Hm9=s0\" width=\"101\" height=\"114\"><\/p>\n\n\n\n<p>Du willst Skateboard fahren lernen oder hast sogar schon erste&nbsp; Erfahrungen auf dem Brett? Dann bist Du hier genau richtig!!!&nbsp;&nbsp;In der Skateboard-AG lernst Du alles rund ums Skaten, von den&nbsp; Basics bis zu Deinen ersten Tricks.<\/p>\n\n\n\n<p>Tag: Montag&nbsp;&nbsp;<\/p>\n\n\n\n<p>Anzahl: 15 Teilnehmer*innen&nbsp;&nbsp;<\/p>\n\n\n\n<p>Ort: Mainfeld&nbsp;<\/p>\n\n\n\n<p><\/p>\n\n\n\n<p>Radio-Theater AG <img loading=\"lazy\" src=\"https:\/\/lh5.googleusercontent.com\/ah8pR7C6l8zLaxJ9peQWCA9H186OCtPBVQ5dPTj_cTwZ7wCeAoRVDg2rSp2TPVE_BoKSvlscZFjrqQG_MsoTH3vOTmt5YCHfoyrswvWLKPQF0IBg7DIEJXb8j8KzKsRNT9qnZa5j=s0\" width=\"148\" height=\"74\"><\/p>\n\n\n\n<p>Du hast Interesse am Theaterspiel, findest das gew\u00f6hnliche Theater&nbsp; aber langweilig? Du m\u00f6chtest schon immer wissen, wie&nbsp; Soundeffekte entstehen?&nbsp;<\/p>\n\n\n\n<p>Dann bist du bei uns in der Radio-Theater AG genau richtig!&nbsp; Hier z\u00e4hlen deine Kreativit\u00e4t und deine Stimme.&nbsp; In der Radio-Theater AG lernst du, wie du mit deinen Mitsch\u00fclern&nbsp; und Mitsch\u00fclerinnen eine Geschichte mit Dialogen strukturiert&nbsp; schreibst. Ihr erstellt zusammen einen Plan, wie die Geschichte&nbsp; aufgef\u00fchrt werden soll und mit welchen Mitteln Effekte erzeugt&nbsp; werden, um die Geschichte mit Hintergrundkl\u00e4ngen zu f\u00fcllen.&nbsp; Anschlie\u00dfend suchst du dir deine Rolle(n) in der Geschichte aus, die&nbsp; du verk\u00f6rpern m\u00f6chtest und spielst diese nach eurem dem erstellten&nbsp; Plan.&nbsp;&nbsp;<\/p>\n\n\n\n<p>Zur Teilnahme an der AG ben\u00f6tigst du keine Vorkenntnisse oder&nbsp; Materialien (au\u00dfer Stift und Papier nat\u00fcrlich). Wir erkl\u00e4ren euch die&nbsp; Abl\u00e4ufe und helfen euch bei den Arbeitsschritten.&nbsp;&nbsp;<\/p>\n\n\n\n<p>Du bist herzlich Willkommen bei diesem Projekt.&nbsp;&nbsp;<\/p>\n\n\n\n<p>Tag: Montag&nbsp;&nbsp;<\/p>\n\n\n\n<p>Anzahl: max. 15 Teilnehmer*innen&nbsp;&nbsp;<\/p>\n\n\n\n<p>Ort: Goldsteinstra\u00dfe, Pausenraum&nbsp;<\/p>\n\n\n\n<p><\/p>\n\n\n\n<p>Break14 Kunst AG&nbsp;&nbsp;<img loading=\"lazy\" src=\"https:\/\/lh6.googleusercontent.com\/vymXVwIjIGtOw5XkV4Qt0N0f_E9spGgDolaRJim5YdLeGmndDundL5c5rAcEfHrjIcZQjt0Yox58LTN6EuR6X3BR81EiyqoB35GsJHhVA1T0e4d68Vhxj2VTZoVGTx2zkWNIEPJR=s0\" width=\"172\" height=\"137\"><\/p>\n\n\n\n<p>Break Kunst AG \u2013 Kunst machen in der Kinder- und&nbsp; Jugendkulturwerkstatt Break 14&nbsp;&nbsp;<\/p>\n\n\n\n<p>Du liebst Kunst und bist kreativ oder hast eine Idee, die du schon&nbsp; immer mal verwirklichen wolltest? Bei uns kannst du verschiedene&nbsp; Kunstmaterialien und Techniken kennenlernen, um dich selbst&nbsp; k\u00fcnstlerisch auszuprobieren und auszudr\u00fccken. Die Break Kunst&nbsp; AG im Break 14 ist f\u00fcr Jungs und f\u00fcr M\u00e4dchen und findet im Break&nbsp;14 statt. Von T-Shirts gestalten bis zum Arbeiten mit Spr\u00fchfarbe und&nbsp; T\u00f6pfern ist alles dabei! Trau dich und probier mal etwas Neues aus.&nbsp; Nat\u00fcrlich kannst du deine eigenen Ideen dabei einbringen.&nbsp;&nbsp;<\/p>\n\n\n\n<p>Was ist das Break 14 \u00fcberhaupt?&nbsp;&nbsp;<\/p>\n\n\n\n<p>Die Kinder- und Jugendkulturwerkstatt \u2013 Break 14 ist ein offener&nbsp; Treffpunkt f\u00fcr Kinder und Jugendliche, zwischen 10 und 16 Jahren&nbsp; mit dem Schwerpunkt im k\u00fcnstlerischen und kreativen Bereich. Hier&nbsp; kannst du unter anderem noch Kicker spielen, lernen, Musik machen&nbsp; und vieles mehr.&nbsp;&nbsp;<\/p>\n\n\n\n<p>PS: Aufgrund der momentanen Corona Situation m\u00fcssen unsere&nbsp; Angebote und unser t\u00e4glicher Ablauf entsprechend den aktuellen&nbsp; Vorgaben immer wieder neu angepasst werden. Auch wenn du dich&nbsp; nicht f\u00fcr diese AG entscheidest, bist du im Break 14 jederzeit&nbsp; willkommen, um Unterst\u00fctzung rund um das Thema Schule zu&nbsp; erhalten, bei unseren kostenlosen Workshops teilzunehmen oder&nbsp; ein Beratungsgespr\u00e4ch in Anspruch zu nehmen.&nbsp;&nbsp;<\/p>\n\n\n\n<p>Unsere \u00d6ffnungszeiten sind:&nbsp;&nbsp;<\/p>\n\n\n\n<p>Montag 13:00h-20:00h&nbsp;&nbsp;<\/p>\n\n\n\n<p>Dienstag 13:00h-19:00h&nbsp;&nbsp;<\/p>\n\n\n\n<p>Mittwoch 13:00h- 18:00h&nbsp;&nbsp;<\/p>\n\n\n\n<p>Donnerstag 13:00h- 19:00h&nbsp;&nbsp;<\/p>\n\n\n\n<p>Du findest uns in der Bruchfeldstra\u00dfe 15, 60528 Frankfurt am Main.&nbsp; www.break14-frankfurt.de&nbsp;<\/p>\n\n\n\n<p>Telefon: +49 (0)69 67725645&nbsp;&nbsp;<\/p>\n\n\n\n<p>E-Mail: break14kulturwerkstatt@yahoo.de&nbsp;&nbsp;<\/p>\n\n\n\n<p>Tag: Donnerstag&nbsp;&nbsp;<\/p>\n\n\n\n<p>Anzahl: max. 10 Teilnehmer*innen&nbsp;&nbsp;<\/p>\n\n\n\n<p><\/p>\n\n\n\n<p>Taitaschi Gr\u00fcne Tasse AG&nbsp;&nbsp;<img loading=\"lazy\" src=\"https:\/\/lh4.googleusercontent.com\/x_kKq63Sg6BKdfHfpZyT2KOxDOpe3xftZWjE8-sUJK_SzM2wcv_oLaDZeoAkDYEBk6bP8DGif9XNNFj7NPWXtVLTVDniiwyosdbw2h98y6iANijtuD5LQEFvFNA7zE9I1fKwT-qq=s0\" width=\"98\" height=\"102\"><\/p>\n\n\n\n<p>(Selbstverwaltendes Sch\u00fcler*innen Caf\u00e9)&nbsp;&nbsp;<\/p>\n\n\n\n<p>Das selbstverwaltete Sch\u00fcler*innen Caf\u00e9 Taitaschi Gr\u00fcne&nbsp; Tasse ist ein Angebot, das von der Jugendhilfe unterst\u00fctzt&nbsp; wird. Die Sch\u00fcler*innen des Caf\u00e9teams treffen sich einmal in&nbsp; der Woche am Nachmittag zu einer gemeinsamen Sitzung.&nbsp; Hier entscheiden sie dar\u00fcber was sie in der AG machen, wie&nbsp; sie den Jugendhilferaum gestalten wollen etc. Hier soll&nbsp; diskutiert und sich engagiert werden! So gibt es einen&nbsp; Dienstplan und regelm\u00e4\u00dfige Eink\u00e4ufe, aber auch viele tolle&nbsp; Ausfl\u00fcge. Die Jugendhilfe ist immer mit dabei und unterst\u00fctzt&nbsp; das Team. Wer hier mitmachen m\u00f6chte, sollte sich schriftlich&nbsp; bei der Jugendhilfe und dem Caf\u00e9team bewerben.&nbsp;<\/p>\n\n\n\n<p><\/p>\n\n\n\n<p>Schulband AG <img loading=\"lazy\" src=\"https:\/\/lh5.googleusercontent.com\/8E_AT5heFQVh-FiJ6r6sM5ETyc9RqnPernn1K_48FX9EdtgBbhaAtFD81ZLh2pZzFHfW7VgNbgJorbbyKMk_l-Vd9CDOfC-8pDGczYXqsr3bhoNsAz3wn_a-usW2eCXclHy6-DP_=s0\" width=\"58\" height=\"88\"><\/p>\n\n\n\n<p>Inder Band AG lernt jeder aus der Gitarre und dem Keyboard&nbsp; einfache Medlodien zu begleiten und auf dem Schlagzeuf&nbsp; einen Rhythmus zu spielen. Macht es zusammen mit&nbsp; Freunden oder lernt neue Kinder in der Band AG kennen.&nbsp;&nbsp;<\/p>\n\n\n\n<p>Tag: Dienstag&nbsp;&nbsp;<\/p>\n\n\n\n<p>Anzahl: Max. 16 Sch\u00fcler*innen a 4-5 Gruppen&nbsp; (Bandgr\u00f6\u00dfe)&nbsp;&nbsp;<\/p>\n\n\n\n<p>Ort: Mainfeld, Musikraum<\/p>\n\n\n\n<p><\/p>\n\n\n\n<p>M\u00e4dchen AG <img loading=\"lazy\" src=\"https:\/\/lh5.googleusercontent.com\/ppmJbhbd9H-d8EReVVos0Uw5st4xvBYbvUpv8fEkTY04-7-dfEaNCEE8sQZkJYmxdwFsyXN6rGzyIeTob93ZzFUDhGeYPyygm2KVDG_vAmAgEmmE4rPTgC1MAhchWqX6nequX2gJ=s0\" width=\"73\" height=\"91\">Die M\u00e4dchen*AG ist ein Angebot f\u00fcr alle M\u00e4dchen* ab der&nbsp; 6.Klasse. Wir befassen uns eingehend mit den Themen die&nbsp; EUCH interessieren. Egal ob DIY, pers\u00f6nliche Themen,&nbsp; Sport oder Ausfl\u00fcge. Wir sind bei fast allem dabei! Jedes Jahr&nbsp; sind wir auch bei der Organisation des Internationalen&nbsp; M\u00e4dchen* Tags und der gro\u00dfen Demo und Party dabei.&nbsp;&nbsp;<\/p>\n\n\n\n<p>Hast du Lust auf ein Angebot, das von euch M\u00e4dchen gestaltet&nbsp; wird?&nbsp;&nbsp;<\/p>\n\n\n\n<p>Willst du dich mit deinen Themen besch\u00e4ftigen und bist in der&nbsp; 6. Klasse?&nbsp;&nbsp;<\/p>\n\n\n\n<p>Dann komm in unsere M\u00e4dchen*AG!&nbsp;<\/p>\n\n\n\n<p>Tag: Mittwoch&nbsp;&nbsp;<\/p>\n\n\n\n<p>Anzahl: max. 10 Teilnehmer*innen&nbsp;<\/p>\n\n\n\n<p>Ort: Mainfeld&nbsp;&nbsp;<\/p>\n\n\n\n<p>Schul-Sanit\u00e4tsdienst AG <img loading=\"lazy\" src=\"https:\/\/lh3.googleusercontent.com\/Z5G-dXy9FXUZLOdsxL1HiDKVWry5vuTXlh_EpDipdXmiexANgfnrHiPcRtHTA4C5jNBqJtWqRMxHoxflUID_YlLQDwU4XhPl15Hx7rER1P9qFEMF1MyCdkiXemHvUUoskD1uVnV5=s0\" width=\"88\" height=\"86\"><\/p>\n\n\n\n<p>In jedem Jahr passieren an Schulen deutschlandweit mehr als&nbsp; 1,3 Millionen kleine und gr\u00f6\u00dfere Unf\u00e4lle. Diese reichen von&nbsp; Verletzungen oder Sch\u00fcrfwunden auf dem Schulhof \u00fcber&nbsp; Unf\u00e4lle im Sportunterricht bis hin zu akuten Erkrankungen von&nbsp; Mitsch\u00fclern oder Lehrkr\u00e4ften, etwa einem Asthma-Anfall oder&nbsp; einer Kreislaufschw\u00e4che. In einem solchen Falle ist diejenige&nbsp; Schule gut beraten, die einen Schulsanit\u00e4tsdienst (SSD)&nbsp; installiert hat: Die Schulsanit\u00e4ter*innen sind sofort vor Ort und&nbsp; k\u00f6nnen als qualifizierte Ersthelfer*innen direkt Hilfe leisten.&nbsp;&nbsp;<\/p>\n\n\n\n<p>In ihrer Ausbildung lernen Schulsanit\u00e4ter*innen alles&nbsp; Notwendige f\u00fcr diese wichtige Aufgabe.&nbsp;&nbsp;<\/p>\n\n\n\n<p>(https:\/\/www.johanniter.de\/die-johanniter\/johanniter-unfall hilfe\/ueber-uns\/startseite\/was-wir&nbsp;<\/p>\n\n\n\n<p>machen\/schulsanitaetsdienst\/)&nbsp;&nbsp;<\/p>\n\n\n\n<p>Tag: Mittwoch&nbsp;&nbsp;<\/p>\n\n\n\n<p>Anzahl: max. 10 Teilnehmer*innen&nbsp;<\/p>\n\n\n\n<p>Ort: Mainfeld\u00a0<\/p>\n\n\n\n<p><\/p>\n\n\n\n<p>Selbstverteidigung AG&nbsp;<\/p>\n\n\n\n<figure class=\"wp-block-image\"><img src=\"https:\/\/lh3.googleusercontent.com\/IYOPQfPBob9CEP_eh0bieDXjPuA5Ai8DLI3F5S6QTGwCI0jOEwwYMNdzNpwpg6rKlPfVkQgpuJV24mSs773eEgJOqutmHXr1Q2cFfJHt4RwgGjgVHL8bFpkbWzz15TIh14U_CZXS=s0\" alt=\"\"\/><\/figure>\n\n\n\n<p><\/p>\n\n\n\n<p>Hier werden verschieden Techniken ge\u00fcbt, um sich k\u00f6rperlich&nbsp; zu verteidigen. Dazu kommt generelle Fitness. Der Trainer&nbsp; selbst hat langj\u00e4hrige Erfahrung in verschiedenen&nbsp; Kampfsportarten&nbsp;&nbsp;<\/p>\n\n\n\n<p>Tag: Mittwoch&nbsp;&nbsp;<\/p>\n\n\n\n<p>Anzahl: max. 15 Teilnehmer*innen&nbsp;&nbsp;<\/p>\n\n\n\n<p>Ort: Mainfeld&nbsp;&nbsp;<\/p>\n\n\n\n<p><\/p>\n\n\n\n<figure class=\"wp-block-image\"><img src=\"https:\/\/lh4.googleusercontent.com\/GPqeTppDoU_XhZqvg-DdrHUZlhOL0uXUTgGqLursc32_DnpC8SYPjgxEQP5oneRpVAc-Plt7dr1RSowgPMZ4Fi1vBcmKGGROXunKsQ6Hn1HlFYml755TRRzVVwPmyazzA9h_Tu3l=s0\" alt=\"\"\/><\/figure>\n\n\n\n<p>Social Media AG<\/p>\n\n\n\n<p>Nutzt du Soziale Medien, wie TikTok, Instagram\u2026?&nbsp;&nbsp;<\/p>\n\n\n\n<p>M\u00f6chtest du mehr dar\u00fcber erfahren?&nbsp;&nbsp;<\/p>\n\n\n\n<p>Dann melde dich an!!! Weiter Infos bei deine Jugendhilfe&nbsp; Wir erstellen gemeinsam coolen Content und drehen mega&nbsp; Coole Videos.&nbsp;&nbsp;<\/p>\n\n\n\n<p>Soziale Medien oder englisch Social Media sind digitale&nbsp; Medien und Methoden, die es Nutzern erm\u00f6glichen, sich im&nbsp; Internet zu vernetzen, sich also untereinander auszutauschen &nbsp;und mediale Inhalte einzeln oder in einer definierten &nbsp;Gemeinschaft oder offen in der Gesellschaft zu erstellen und &nbsp;weiterzugeben.&nbsp;<\/p>\n\n\n\n<p>Tag: Mittwoch&nbsp;&nbsp;<\/p>\n\n\n\n<p>Anzahl: max. 15 Teilnehmer*innen&nbsp;&nbsp;<\/p>\n\n\n\n<p>Ort: Goldsteinstra\u00dfe, Pausenraum<\/p>\n\n\n\n<p><\/p>\n\n\n\n<p><\/p>\n\n\n\n<p>Koch AG&nbsp;<\/p>\n\n\n\n<p>Thema dieser AG ist gemeinsames Kochen und Backen.&nbsp;&nbsp;<\/p>\n\n\n\n<p>Hier lernt ihr Hygieneregeln sowie Sicherheitsvorkehrungen&nbsp; beim Kochen aber auch das Einrichten des Arbeitsplatzes.&nbsp;&nbsp;<\/p>\n\n\n\n<p>Der Inhalt dieser AG umfasst die Garverfahren, Kochen,&nbsp; Braten und Backen. Dabei lernt ihr den sorgf\u00e4ltigen Umgang&nbsp; mit Lebensmitteln und auch sich an Regeln in der K\u00fcche und&nbsp; bei der Arbeitsteilung zuhalten.&nbsp;&nbsp;<\/p>\n\n\n\n<p>Wenn du gut mit anderen in der Gruppe zusammenarbeiten&nbsp; kannst, geschickt mit deinen H\u00e4nden umzugehen wei\u00dft, und&nbsp; man sich auf dich verlassen kann, wenn es ums Helfen,&nbsp; Aufr\u00e4umen und Saubermachen geht, bist du herzlich&nbsp; willkommen.<\/p>\n\n\n\n<p>Tag: Donnerstag&nbsp;&nbsp;<\/p>\n\n\n\n<p>Anzahl: max. 15 Teilnehmer*innen&nbsp;&nbsp;<\/p>\n\n\n\n<p>Ort: Mainfeld, K\u00fcche&nbsp;&nbsp;<\/p>\n\n\n\n<p><\/p>\n\n\n\n<p>MedienAG<\/p>\n\n\n\n<p>Wir wollen allt\u00e4gliche Probleme suchen, analysieren und&nbsp; durch eigene Ideen mit der Hilfe von Computern, Sensoren,&nbsp; Robotern und Maschinen l\u00f6sen.<\/p>\n\n\n\n<p>Au\u00dferdem wollen wir auch an der First-Lego-League&nbsp; teilnehmen, wobei wir uns im diesj\u00e4hrigen Wettbewerb mit der&nbsp; Frage der zuk\u00fcnftigen Reise- und Transportformen&nbsp; besch\u00e4ftigen. Wir suchen Antworten f\u00fcr m\u00f6gliche Antriebe,&nbsp; Autos und andere Transportmittel. Dar\u00fcber hinaus sind wir&nbsp; gegen\u00fcber jeder anderen Frage und Umsetzung einer L\u00f6sung&nbsp; offen. Wir freuen uns auf euch und hoffe jede Menge Spa\u00df mit und&nbsp; an Technik zu haben.&nbsp;&nbsp;<\/p>\n\n\n\n<p>Tag: Mittwoch&nbsp;&nbsp;<\/p>\n\n\n\n<p>Anzahl: max. 15 Teilnehmer*innen&nbsp;&nbsp;<\/p>\n\n\n\n<p>Ort: Mainfeld&nbsp;<\/p>\n\n\n\n<p><\/p>\n\n\n\n<p>Break Film AG&nbsp;<\/p>\n\n\n\n<p>Break Film AG \u2013 Entwicklung eines eigenen Films in der Kinder und Jugendkulturwerkstatt Break 14&nbsp;&nbsp;<\/p>\n\n\n\n<p>Du liebst es zu schauspielern und wolltest schon immer Mal in einem&nbsp; Film mitspielen? Oder erfahren, welche einzelnen Schritte&nbsp; notwendig sind, um einen eigenen Film zu entwickeln? Wenn ja, bist&nbsp; du bei uns genau richtig \ufffd\ufffd!&nbsp;&nbsp;<\/p>\n\n\n\n<p>In der Break Film AG erh\u00e4ltst du die Chance in die Rolle eines&nbsp; Regisseurs oder eines Schauspielers zu schl\u00fcpfen und auch einen&nbsp; Einblick hinter die Kulissen einer Filmproduktion. Welche Rolle du in&nbsp; der Film AG spielst, entscheidest du selbst! Wenn du dich daf\u00fcr&nbsp; interessierst, kannst du dich auch beim Filmschneiden mit&nbsp; einbringen. Von Schauspiel\u00fcbungen bis zur Entwicklung und&nbsp; Umsetzung einer Filmgeschichte ist alles dabei! Trau dich und&nbsp; probier mal etwas Neues aus. Nat\u00fcrlich kannst du deine eigenen&nbsp; Ideen dabei einbringen.&nbsp;&nbsp;<\/p>\n\n\n\n<p>Die Break Film AG findet im Break und an verschiedenen Orten in&nbsp; Niederrad statt. Die AG ist f\u00fcr M\u00e4dchen und Jungen.&nbsp; Was ist das Break 14 \u00fcberhaupt?&nbsp;&nbsp;<\/p>\n\n\n\n<p>Die Kinder- und Jugendkulturwerkstatt \u2013 Break 14 ist ein offener&nbsp; Treffpunkt f\u00fcr Kinder und Jugendliche, zwischen 10 und 16 Jahren&nbsp; mit dem Schwerpunkt im k\u00fcnstlerischen und kreativen Bereich. Hier&nbsp; kannst du unter anderem Kicker spielen, lernen, Musik machen und&nbsp; vieles mehr.&nbsp;&nbsp;<\/p>\n\n\n\n<p>PS: Aufgrund der momentanen Corona Situation m\u00fcssen unsere&nbsp; Angebote und unser t\u00e4glicher Ablauf entsprechend den aktuellen&nbsp; Vorgaben immer wieder neu angepasst werden. Auch wenn du dich&nbsp; nicht f\u00fcr diese AG entscheidest, bist du im Break 14 jederzeit&nbsp; willkommen, um Unterst\u00fctzung rund um das Thema Schule zu&nbsp; erhalten, bei unseren kostenlosen Workshops teilzunehmen oder&nbsp; ein Beratungsgespr\u00e4ch in Anspruch zu nehmen.&nbsp;&nbsp;<\/p>\n\n\n\n<p>Unsere \u00d6ffnungszeiten sind:&nbsp;&nbsp;<\/p>\n\n\n\n<p>Montag 13:00h-20:00h&nbsp;&nbsp;<\/p>\n\n\n\n<p>Dienstag 13:00h-19:00h&nbsp;&nbsp;<\/p>\n\n\n\n<p>Mittwoch 13:00h- 18:00h&nbsp;&nbsp;<\/p>\n\n\n\n<p>Donnerstag 13:00h- 19:00h&nbsp;&nbsp;<\/p>\n\n\n\n<p>Du findest uns in der Bruchfeldstra\u00dfe 15, 60528 Frankfurt am&nbsp; Main.&nbsp;&nbsp;<\/p>\n\n\n\n<p>www.break14-frankfurt.de&nbsp;<\/p>\n\n\n\n<p>Telefon: +49(0)6967725645&nbsp;&nbsp;<\/p>\n\n\n\n<p>E-Mail: break14kulturwerkstatt@yahoo.de&nbsp;<\/p>\n\n\n\n<p>Tag: Donnerstag&nbsp;&nbsp;<\/p>\n\n\n\n<p>Anzahl: max. 15 Teilnehmer*innen&nbsp;&nbsp;<\/p>\n\n\n\n<p><\/p>\n\n\n\n<p><\/p>\n\n\n\n<p>Zumba &amp; Afrobeats AG&nbsp;<\/p>\n\n\n\n<p>Du bewegst dich gerne und hast Spa\u00df beim Tanzen oder&nbsp; m\u00f6chtest coole neue Moves lernen?&nbsp;&nbsp;<\/p>\n\n\n\n<p>Dann bist du in der Zumba &amp; Afro Beats AG genau richtig. Ich&nbsp; kann nicht tanzen gibt es nicht!!! Wir lernen uns mit Spa\u00df zu&nbsp; bewegen und erlernen gemeinsam Tanzchoreographien.&nbsp;&nbsp;<\/p>\n\n\n\n<p>Was Ist Afrobeats?&nbsp;&nbsp;<\/p>\n\n\n\n<p>Afrobeats ist eine Kombination aus amerikanischem Funk und&nbsp; Jazz gepaart mit westafrikanischen Highlife sowie Perkussion&nbsp; und Vokaltraditionen aus der Yoruba-Musik. Hier geh\u00f6ren&nbsp; Kreative Bewegungen, schnelle Schrittfolge, Einfl\u00fcsse&nbsp; unterschiedlichster Musikstile und Dynamische&nbsp; Moves dazu. Afrobeats Moves sind auch bei&nbsp; den Promineten wie zum Beispiel Beyonce begehrt wie man in&nbsp; ihrem Musikvideo \u2018Already\u2019 sehen kann.&nbsp;&nbsp;<\/p>\n\n\n\n<p>Was ist Zumba?&nbsp;&nbsp;<\/p>\n\n\n\n<p>Zumba ist eine Mischung aus Aerobic und \u00fcberwiegend&nbsp; lateinamerikanischen Tanzelementen. Zumba arbeitet&nbsp; allerdings nicht mit dem z\u00e4hlen von Takten wie bei&nbsp; anderen Tanzrichtungen sondern mit dem Fluss der Musik.&nbsp;&nbsp;<\/p>\n\n\n\n<p>Du hast Lust diese beiden Tanzrichtungen zu erlernen und&nbsp; Spa\u00df zu haben? Dann melde dich an \ud83d\ude42&nbsp;&nbsp;<\/p>\n\n\n\n<p>Tag: Donnerstag&nbsp;&nbsp;<\/p>\n\n\n\n<p>Anzahl: max. 15 Teilnehmer*innen&nbsp;&nbsp;<\/p>\n\n\n\n<p>Ort: Goldsteinstra\u00dfe, Pausenraum\u00a0<\/p>\n\n\n\n<p><\/p>\n\n\n\n<p><strong>Betreuungszeit<\/strong>\u00a0\u00a0<\/p>\n\n\n\n<p>Die Betreuungszeit findet jeden Tag von 13.40 \u2013 15:00 Uhr &amp;\u00a0 von 15:15 \u2013 16.45 Uhr statt. Wenn ihr fr\u00fcher unterrichtsfrei\u00a0 habt, eine Stunde ausf\u00e4llt oder ihr nachmittags noch nicht\u00a0 nachhause m\u00f6chtet oder k\u00f6nnt, dann habt ihr die M\u00f6glichkeit\u00a0 einfach in die Betreuungszeit zu kommen. Hierf\u00fcr m\u00fcsst ihr\u00a0 euch nicht anmelden, sondern k\u00f6nnt einfach vorbeikommen.\u00a0 Wichtig ist nat\u00fcrlich, dass ihr das vorher mit euren Eltern\/\u00a0 Erziehungsberechtigten besprecht, damit sie immer wissen wo\u00a0 ihr euch gerade aufhaltet. In der Betreuungszeit k\u00f6nnt ihr\u00a0 spielen, malen miteinander reden und einfach ein bisschen\u00a0 entspannen. Wichtig ist, dass ihr entweder direkt um 13.40 Uhr\u00a0 in die Betreuungszeit kommt oder um 15:15 Uhr. Es ist nicht\u00a0 erlaubt, dass ihr in der Zeit zwischen Unterricht und\u00a0 Betreuungszeit das Schulgel\u00e4nde verlasst, da dann die\u00a0 Aufsicht nicht gew\u00e4hrleistet werden kann. Wenn ihr vor 16.30\u00a0 nachhause m\u00f6chtet\/ k\u00f6nnt, ist es wichtig, dass eure Eltern\u00a0 euch einen schriftlichen Vermerk ins Logbuch machen. So\u00a0 wissen wir, dass ihr auf jeden Fall nachhause k\u00f6nnt.\u00a0<\/p>\n\n\n\n<p><\/p>\n\n\n\n<p>Liebe Eltern,&nbsp;&nbsp;<\/p>\n\n\n\n<p>Wenn Sie Interesse haben eine AG zu leiten oder Ideen f\u00fcr eine&nbsp; neue AG haben, k\u00f6nnen Sie uns gerne kontaktieren.&nbsp;&nbsp;<\/p>\n\n\n\n<p>Jugendhilfe an der KGS Niederrad&nbsp;&nbsp;<\/p>\n\n\n\n<p>Goldsteinstra\u00dfe 27&nbsp;&nbsp;<\/p>\n\n\n\n<p>60528 Niederrad&nbsp;&nbsp;<\/p>\n\n\n\n<p>Tel.: 069 677 288 42&nbsp;&nbsp;<\/p>\n\n\n\n<p>Mail:&nbsp;&nbsp;<\/p>\n\n\n\n<p>Nicole.Rietsch@junularo-ffm.de&nbsp;&nbsp;<\/p>\n\n\n\n<p>Yudy.Giraldo@junularo-ffm.de&nbsp;&nbsp;<\/p>\n\n\n\n<p>jugendhilfe.kgs-niederrad@junularo-ffm.de&nbsp;&nbsp;<\/p>\n\n\n\n<p>Vielen Dank&nbsp;<\/p>\n\n\n\n<p><br>Schnupperwochen: Montag, 27.09.21 \u2013 Donnerstag, 30.09.21 <br>Einwahl in die AGs: Montag, 04.10.21 \u2013 Freitag, 08.10.21 <br>AG \u2013 Start: ab Montag, 25.10.21<\/p>\n\n\n\n<p><br>Wir freuen uns sehr \u00fcber Feedback und die Zusammenarbeit im kommenden Schuljahr! <br><br>Mit freundlichen Gr\u00fc\u00dfen <br>Eure\/Ihre Jugendhilfe an der KGS Niederrad<br><\/p>\n\n\n\n<figure class=\"wp-block-image\"><img src=\"https:\/\/lh4.googleusercontent.com\/MApbdTZbSB8MpzK3CecJDVDvQ6x8kSN0-fOpFgjjytYe_Ll10Syp0Ji8xnt8pxueNjibzapisdVoS1QFfcOGjTOqsnTPFjrrVdw9OhONYA8fmoIHficBb154G-V3cL17PHi2QcXu=s0\" alt=\"\"\/><\/figure>\n","protected":false},"excerpt":{"rendered":"<p>&nbsp; Liebe Sch\u00fcler*innen, liebe Eltern und Erziehungsberechtigte,&nbsp;&nbsp; auch im Schuljahr 2021\/2022 wird es wieder ein vielf\u00e4ltiges&nbsp; Ganztagesangebot an der KGS Niederrad geben. Die&nbsp; Ganztagesangebote finden in der Regel von 15:15 Uhr bis 16:45&nbsp; Uhr, von Montag bis Donnerstag statt. An [&hellip;]<\/p>\n","protected":false},"author":4,"featured_media":3343,"comment_status":"closed","ping_status":"open","sticky":false,"template":"","format":"standard","meta":[],"categories":[1],"tags":[],"_links":{"self":[{"href":"https:\/\/kgs-niederrad.de\/index.php\/wp-json\/wp\/v2\/posts\/3339"}],"collection":[{"href":"https:\/\/kgs-niederrad.de\/index.php\/wp-json\/wp\/v2\/posts"}],"about":[{"href":"https:\/\/kgs-niederrad.de\/index.php\/wp-json\/wp\/v2\/types\/post"}],"author":[{"embeddable":true,"href":"https:\/\/kgs-niederrad.de\/index.php\/wp-json\/wp\/v2\/users\/4"}],"replies":[{"embeddable":true,"href":"https:\/\/kgs-niederrad.de\/index.php\/wp-json\/wp\/v2\/comments?post=3339"}],"version-history":[{"count":16,"href":"https:\/\/kgs-niederrad.de\/index.php\/wp-json\/wp\/v2\/posts\/3339\/revisions"}],"predecessor-version":[{"id":3361,"href":"https:\/\/kgs-niederrad.de\/index.php\/wp-json\/wp\/v2\/posts\/3339\/revisions\/3361"}],"wp:featuredmedia":[{"embeddable":true,"href":"https:\/\/kgs-niederrad.de\/index.php\/wp-json\/wp\/v2\/media\/3343"}],"wp:attachment":[{"href":"https:\/\/kgs-niederrad.de\/index.php\/wp-json\/wp\/v2\/media?parent=3339"}],"wp:term":[{"taxonomy":"category","embeddable":true,"href":"https:\/\/kgs-niederrad.de\/index.php\/wp-json\/wp\/v2\/categories?post=3339"},{"taxonomy":"post_tag","embeddable":true,"href":"https:\/\/kgs-niederrad.de\/index.php\/wp-json\/wp\/v2\/tags?post=3339"}],"curies":[{"name":"wp","href":"https:\/\/api.w.org\/{rel}","templated":true}]}}