{"id":3629,"date":"2022-06-03T21:07:57","date_gmt":"2022-06-03T19:07:57","guid":{"rendered":"http:\/\/kgs-niederrad.de\/?p=3629"},"modified":"2022-06-03T21:07:57","modified_gmt":"2022-06-03T19:07:57","slug":"save-the-date-09-06-um-1800-uhr-in-der-alten-oper","status":"publish","type":"post","link":"https:\/\/kgs-niederrad.de\/index.php\/2022\/06\/03\/save-the-date-09-06-um-1800-uhr-in-der-alten-oper\/","title":{"rendered":"Save the Date &#8211; 09.06. um 18:00 Uhr in der Alten Oper !!"},"content":{"rendered":"\n<p>Die <strong>Klasse C2<\/strong> und ein Musik-Kurs der Anna-Schmidt-Schule haben ein <strong>gemeinsames klassisches Konzert<\/strong> in der <strong>Alten Oper<\/strong> geplant. Hierbei \u00fcbernehmen die <strong>Jugendlichen alle Aufgaben<\/strong> von der K\u00fcnstlerbetreuung \u00fcber die Werbung, Ticketverkauf, Technik, Einlass, Moderation  bis zur Pressearbeit. Zu h\u00f6ren gibt es ein <strong>Klaviertrio (Piano, Cello und Geige)<\/strong> und St\u00fccke von <strong>Schuhmann, Schostakovitsch und Murphy<\/strong>. All das geh\u00f6rt zum <strong>TONALI-Konzept<\/strong> und soll klassische Musik wieder popul\u00e4r machen. Au\u00dferdem-wann hat man schon die Gelegenheit, in ein Konzert mit soviel Mitsch\u00fclern und Lehrern zu gehen? Insgesamt konnten wir schon \u00fcber 200 Tickets verkaufen. Es gibt noch wenige <strong>Restkarten<\/strong> <strong>f\u00fcr 7 \u20ac <\/strong>pro Person. Bei Interesse einfach eine E-Mail an:  kg@kgs-niederrad.de schreiben. Das Konzert findet im <strong>Mozart-Saal <\/strong>statt. Hier passen insgesamt beeindruckende 700 Personen rein. Wir freuen uns auf einen tollen Abend mit klassischer Musik und schicken Leuten. \ud83d\ude42 <\/p>\n\n\n\n<figure class=\"wp-block-gallery has-nested-images columns-default is-cropped\">\n<figure class=\"wp-block-image size-full\"><img loading=\"lazy\" width=\"480\" height=\"640\" data-id=\"3632\"  src=\"http:\/\/kgs-niederrad.de\/wp-content\/uploads\/2022\/06\/PHOTO-2022-04-01-20-24-45-1.jpg\" alt=\"\" class=\"wp-image-3632\" srcset=\"https:\/\/kgs-niederrad.de\/wp-content\/uploads\/2022\/06\/PHOTO-2022-04-01-20-24-45-1.jpg 480w, https:\/\/kgs-niederrad.de\/wp-content\/uploads\/2022\/06\/PHOTO-2022-04-01-20-24-45-1-225x300.jpg 225w, https:\/\/kgs-niederrad.de\/wp-content\/uploads\/2022\/06\/PHOTO-2022-04-01-20-24-45-1-400x533.jpg 400w\" sizes=\"(max-width: 480px) 100vw, 480px\" \/><figcaption>Workshop-Vorbereitungen<\/figcaption><\/figure>\n\n\n\n<figure class=\"wp-block-image size-full\"><img loading=\"lazy\" width=\"768\" height=\"1024\" data-id=\"3631\"  src=\"http:\/\/kgs-niederrad.de\/wp-content\/uploads\/2022\/06\/PHOTO-2022-04-04-09-50-43.jpg\" alt=\"\" class=\"wp-image-3631\" srcset=\"https:\/\/kgs-niederrad.de\/wp-content\/uploads\/2022\/06\/PHOTO-2022-04-04-09-50-43.jpg 768w, https:\/\/kgs-niederrad.de\/wp-content\/uploads\/2022\/06\/PHOTO-2022-04-04-09-50-43-225x300.jpg 225w, https:\/\/kgs-niederrad.de\/wp-content\/uploads\/2022\/06\/PHOTO-2022-04-04-09-50-43-400x533.jpg 400w\" sizes=\"(max-width: 768px) 100vw, 768px\" \/><figcaption>Opernplatz Ausgang U-Bahn<\/figcaption><\/figure>\n\n\n\n<figure class=\"wp-block-image size-full\"><img loading=\"lazy\" width=\"640\" height=\"480\" data-id=\"3633\"  src=\"http:\/\/kgs-niederrad.de\/wp-content\/uploads\/2022\/06\/PHOTO-2022-04-01-20-24-45.jpg\" alt=\"\" class=\"wp-image-3633\" srcset=\"https:\/\/kgs-niederrad.de\/wp-content\/uploads\/2022\/06\/PHOTO-2022-04-01-20-24-45.jpg 640w, https:\/\/kgs-niederrad.de\/wp-content\/uploads\/2022\/06\/PHOTO-2022-04-01-20-24-45-300x225.jpg 300w, https:\/\/kgs-niederrad.de\/wp-content\/uploads\/2022\/06\/PHOTO-2022-04-01-20-24-45-400x300.jpg 400w\" sizes=\"(max-width: 640px) 100vw, 640px\" \/><figcaption>Workshop<\/figcaption><\/figure>\n\n\n\n<figure class=\"wp-block-image size-large\"><img loading=\"lazy\" width=\"750\" height=\"487\" data-id=\"3636\"  src=\"http:\/\/kgs-niederrad.de\/wp-content\/uploads\/2022\/06\/image0-3-1.jpeg\" alt=\"\" class=\"wp-image-3636\" srcset=\"https:\/\/kgs-niederrad.de\/wp-content\/uploads\/2022\/06\/image0-3-1.jpeg 750w, https:\/\/kgs-niederrad.de\/wp-content\/uploads\/2022\/06\/image0-3-1-300x195.jpeg 300w, https:\/\/kgs-niederrad.de\/wp-content\/uploads\/2022\/06\/image0-3-1-400x260.jpeg 400w\" sizes=\"(max-width: 750px) 100vw, 750px\" \/><\/figure>\n<figcaption class=\"blocks-gallery-caption\"><strong>Und hier spielt die Musik: Im Mozartsaa<\/strong>l <\/figcaption><\/figure>\n\n\n\n<p><\/p>\n","protected":false},"excerpt":{"rendered":"<p>Die Klasse C2 und ein Musik-Kurs der Anna-Schmidt-Schule haben ein gemeinsames klassisches Konzert in der Alten Oper geplant. Hierbei \u00fcbernehmen die Jugendlichen alle Aufgaben von der K\u00fcnstlerbetreuung \u00fcber die Werbung, Ticketverkauf, Technik, Einlass, Moderation bis zur Pressearbeit. Zu h\u00f6ren gibt [&hellip;]<\/p>\n","protected":false},"author":5,"featured_media":3631,"comment_status":"closed","ping_status":"open","sticky":false,"template":"","format":"standard","meta":[],"categories":[1],"tags":[],"_links":{"self":[{"href":"https:\/\/kgs-niederrad.de\/index.php\/wp-json\/wp\/v2\/posts\/3629"}],"collection":[{"href":"https:\/\/kgs-niederrad.de\/index.php\/wp-json\/wp\/v2\/posts"}],"about":[{"href":"https:\/\/kgs-niederrad.de\/index.php\/wp-json\/wp\/v2\/types\/post"}],"author":[{"embeddable":true,"href":"https:\/\/kgs-niederrad.de\/index.php\/wp-json\/wp\/v2\/users\/5"}],"replies":[{"embeddable":true,"href":"https:\/\/kgs-niederrad.de\/index.php\/wp-json\/wp\/v2\/comments?post=3629"}],"version-history":[{"count":3,"href":"https:\/\/kgs-niederrad.de\/index.php\/wp-json\/wp\/v2\/posts\/3629\/revisions"}],"predecessor-version":[{"id":3638,"href":"https:\/\/kgs-niederrad.de\/index.php\/wp-json\/wp\/v2\/posts\/3629\/revisions\/3638"}],"wp:featuredmedia":[{"embeddable":true,"href":"https:\/\/kgs-niederrad.de\/index.php\/wp-json\/wp\/v2\/media\/3631"}],"wp:attachment":[{"href":"https:\/\/kgs-niederrad.de\/index.php\/wp-json\/wp\/v2\/media?parent=3629"}],"wp:term":[{"taxonomy":"category","embeddable":true,"href":"https:\/\/kgs-niederrad.de\/index.php\/wp-json\/wp\/v2\/categories?post=3629"},{"taxonomy":"post_tag","embeddable":true,"href":"https:\/\/kgs-niederrad.de\/index.php\/wp-json\/wp\/v2\/tags?post=3629"}],"curies":[{"name":"wp","href":"https:\/\/api.w.org\/{rel}","templated":true}]}}