{"id":4319,"date":"2023-06-30T09:17:26","date_gmt":"2023-06-30T07:17:26","guid":{"rendered":"http:\/\/kgs-niederrad.de\/?p=4319"},"modified":"2023-07-03T18:25:06","modified_gmt":"2023-07-03T16:25:06","slug":"sehr-gut-besuchtes-sommerfest-der-kgs-niederrad","status":"publish","type":"post","link":"https:\/\/kgs-niederrad.de\/index.php\/2023\/06\/30\/sehr-gut-besuchtes-sommerfest-der-kgs-niederrad\/","title":{"rendered":"Sehr gut besuchtes Sommerfest der KGS Niederrad\u00a0"},"content":{"rendered":"\n<p>Das Sommerfest an der KGS Niederrad fand in diesem Jahr sehr gro\u00dfen Zulauf. Das internationale Essensangebot reichte von selbstgemachten Hotdogs&nbsp;\u00fcber Kuchen und Waffeln bis hin zu schmackhaftem Fingerfood und war ein Gaumenschmaus.<\/p>\n\n\n\n<figure class=\"wp-block-gallery has-nested-images columns-default is-cropped\">\n<figure class=\"wp-block-image size-large\"><img loading=\"lazy\" width=\"768\" height=\"1024\" data-id=\"4322\"  src=\"http:\/\/kgs-niederrad.de\/wp-content\/uploads\/2023\/06\/F74B24CE-2DB4-4E4C-B5BC-BA1AC23BD924-768x1024.jpeg\" alt=\"\" class=\"wp-image-4322\" srcset=\"https:\/\/kgs-niederrad.de\/wp-content\/uploads\/2023\/06\/F74B24CE-2DB4-4E4C-B5BC-BA1AC23BD924-768x1024.jpeg 768w, https:\/\/kgs-niederrad.de\/wp-content\/uploads\/2023\/06\/F74B24CE-2DB4-4E4C-B5BC-BA1AC23BD924-225x300.jpeg 225w, https:\/\/kgs-niederrad.de\/wp-content\/uploads\/2023\/06\/F74B24CE-2DB4-4E4C-B5BC-BA1AC23BD924-1152x1536.jpeg 1152w, https:\/\/kgs-niederrad.de\/wp-content\/uploads\/2023\/06\/F74B24CE-2DB4-4E4C-B5BC-BA1AC23BD924-1536x2048.jpeg 1536w, https:\/\/kgs-niederrad.de\/wp-content\/uploads\/2023\/06\/F74B24CE-2DB4-4E4C-B5BC-BA1AC23BD924-400x533.jpeg 400w, https:\/\/kgs-niederrad.de\/wp-content\/uploads\/2023\/06\/F74B24CE-2DB4-4E4C-B5BC-BA1AC23BD924-scaled.jpeg 1920w\" sizes=\"(max-width: 768px) 100vw, 768px\" \/><\/figure>\n<\/figure>\n\n\n\n<p>Die Open Stage wurde von den Sch\u00fclerInnen f\u00fcr gesangliche, musikalische und gestalterische Darbietungen genutzt. Die Capoeira Gruppe machte aus ihrem Auftritt eine Mitmachaktion und versammelte viele Freiwillige um sich, die mit wachsender Begeisterung die Bewegungen erlernten.<\/p>\n\n\n\n<p>Der F\u00f6rderverein brachte sich erfolgreich ins Schulleben ein durch die zahlreichen Essensspenden, die organisiert wurden und eine Aktion, bei der gegen Spenden wundersch\u00f6ne Stofftiere ausgegeben wurden. Angebote zum Kinderschminken und Erbsenschlagen wurden von den kleinen&nbsp;Geschwistern der Sch\u00fclerInnen dankbar angenommen. Den Schulhof verzierten&nbsp;sie kunterbunt.&nbsp;<\/p>\n\n\n\n<p><\/p>\n","protected":false},"excerpt":{"rendered":"<p>Das Sommerfest an der KGS Niederrad fand in diesem Jahr sehr gro\u00dfen Zulauf. Das internationale Essensangebot reichte von selbstgemachten Hotdogs&nbsp;\u00fcber Kuchen und Waffeln bis hin zu schmackhaftem Fingerfood und war ein Gaumenschmaus. Die Open Stage wurde von den Sch\u00fclerInnen f\u00fcr [&hellip;]<\/p>\n","protected":false},"author":6,"featured_media":4323,"comment_status":"closed","ping_status":"open","sticky":false,"template":"","format":"standard","meta":[],"categories":[1],"tags":[],"_links":{"self":[{"href":"https:\/\/kgs-niederrad.de\/index.php\/wp-json\/wp\/v2\/posts\/4319"}],"collection":[{"href":"https:\/\/kgs-niederrad.de\/index.php\/wp-json\/wp\/v2\/posts"}],"about":[{"href":"https:\/\/kgs-niederrad.de\/index.php\/wp-json\/wp\/v2\/types\/post"}],"author":[{"embeddable":true,"href":"https:\/\/kgs-niederrad.de\/index.php\/wp-json\/wp\/v2\/users\/6"}],"replies":[{"embeddable":true,"href":"https:\/\/kgs-niederrad.de\/index.php\/wp-json\/wp\/v2\/comments?post=4319"}],"version-history":[{"count":4,"href":"https:\/\/kgs-niederrad.de\/index.php\/wp-json\/wp\/v2\/posts\/4319\/revisions"}],"predecessor-version":[{"id":4332,"href":"https:\/\/kgs-niederrad.de\/index.php\/wp-json\/wp\/v2\/posts\/4319\/revisions\/4332"}],"wp:featuredmedia":[{"embeddable":true,"href":"https:\/\/kgs-niederrad.de\/index.php\/wp-json\/wp\/v2\/media\/4323"}],"wp:attachment":[{"href":"https:\/\/kgs-niederrad.de\/index.php\/wp-json\/wp\/v2\/media?parent=4319"}],"wp:term":[{"taxonomy":"category","embeddable":true,"href":"https:\/\/kgs-niederrad.de\/index.php\/wp-json\/wp\/v2\/categories?post=4319"},{"taxonomy":"post_tag","embeddable":true,"href":"https:\/\/kgs-niederrad.de\/index.php\/wp-json\/wp\/v2\/tags?post=4319"}],"curies":[{"name":"wp","href":"https:\/\/api.w.org\/{rel}","templated":true}]}}