{"id":4589,"date":"2023-09-29T09:50:33","date_gmt":"2023-09-29T07:50:33","guid":{"rendered":"http:\/\/kgs-niederrad.de\/?p=4589"},"modified":"2023-11-27T10:00:53","modified_gmt":"2023-11-27T09:00:53","slug":"musikalische-erlebnisse-der-f3-mit-dem-kinderschutzbund-in-zusammenarbeit-mit-der-hfmdk","status":"publish","type":"post","link":"https:\/\/kgs-niederrad.de\/index.php\/2023\/09\/29\/musikalische-erlebnisse-der-f3-mit-dem-kinderschutzbund-in-zusammenarbeit-mit-der-hfmdk\/","title":{"rendered":"Musikalische Erlebnisse der F3 mit dem Kinderschutzbund in Zusammenarbeit mit der HfMDK"},"content":{"rendered":"\n<div class=\"wp-block-file\"><a id=\"wp-block-file--media-f0a02cbf-d224-47eb-8be9-0653a81274ac\" href=\"http:\/\/kgs-niederrad.de\/wp-content\/uploads\/2023\/11\/Ich-hasse-es-FINAL.mp3\">Ich-hasse-es-FINAL<\/a><a href=\"http:\/\/kgs-niederrad.de\/wp-content\/uploads\/2023\/11\/Ich-hasse-es-FINAL.mp3\" class=\"wp-block-file__button\" download aria-describedby=\"wp-block-file--media-f0a02cbf-d224-47eb-8be9-0653a81274ac\">Herunterladen<\/a><\/div>\n\n\n\n<div class=\"wp-block-file\"><a id=\"wp-block-file--media-3787a65f-0096-493c-b2a2-5b607f4e7da2\" href=\"http:\/\/kgs-niederrad.de\/wp-content\/uploads\/2023\/11\/Kinderschutz-HipHop-Final-27.10..mp3\">Kinderschutz-HipHop-Final-27.10.<\/a><a href=\"http:\/\/kgs-niederrad.de\/wp-content\/uploads\/2023\/11\/Kinderschutz-HipHop-Final-27.10..mp3\" class=\"wp-block-file__button\" download aria-describedby=\"wp-block-file--media-3787a65f-0096-493c-b2a2-5b607f4e7da2\">Herunterladen<\/a><\/div>\n\n\n\n<figure class=\"wp-block-image size-large\"><img loading=\"lazy\" width=\"1024\" height=\"768\" src=\"http:\/\/kgs-niederrad.de\/wp-content\/uploads\/2023\/09\/Projekt-F3-1-1024x768.jpg\" alt=\"\" class=\"wp-image-4592\" srcset=\"https:\/\/kgs-niederrad.de\/wp-content\/uploads\/2023\/09\/Projekt-F3-1-1024x768.jpg 1024w, https:\/\/kgs-niederrad.de\/wp-content\/uploads\/2023\/09\/Projekt-F3-1-300x225.jpg 300w, https:\/\/kgs-niederrad.de\/wp-content\/uploads\/2023\/09\/Projekt-F3-1-768x576.jpg 768w, https:\/\/kgs-niederrad.de\/wp-content\/uploads\/2023\/09\/Projekt-F3-1-1536x1152.jpg 1536w, https:\/\/kgs-niederrad.de\/wp-content\/uploads\/2023\/09\/Projekt-F3-1-2048x1536.jpg 2048w, https:\/\/kgs-niederrad.de\/wp-content\/uploads\/2023\/09\/Projekt-F3-1-400x300.jpg 400w\" sizes=\"(max-width: 1024px) 100vw, 1024px\" \/><\/figure>\n\n\n\n<p><strong>Ph\u00e4nomenal. So etwas erlebt man nicht alle Tage. Zwischen dem 25. und 27.September hatte die Klasse F3 in Begleitung von Herrn Baingo (Klassentutor) und Herrn Noack (Musiklehrer) ein Erlebnis der besonderen Art. An nur drei Tagen haben die Sch\u00fclerinnen und Sch\u00fcler der Klasse mit fachm\u00e4nnischer Betreuung einen englischsprachigen HipHop-Song und eine deutschsprachige Ballade einstudiert, gesungen und aufgenommen. Bereits vor den Ferien war Felix M\u00fcller, ein Musikstudent der HfMDK, in der KGS Niederrad und hat mit der F3 etwas Vorarbeit geleistet. Es wurden Ideen f\u00fcr die Musikstile und einige Songtexte gesammelt und ausprobiert. Die Feinarbeit fand jetzt im September statt. Und was die Klasse F3 hier geleistet und gemeistert hat, ist wahrhaftig h\u00f6renswert. Fabian Sennholz und Martin Bosch, beides Musikprofessoren an der HfMDK, haben mit StudentInnen ihres Songwriter-Seminares und ihres Sound-Mix-Seminares die Arbeit durchgehend begleitet und angeleitet. Das ganze Projekt wurde vom Kinderschutzbund durch Stefan Weiss ins Leben gerufen. An allen drei Tagen haben wir in der Orangerie im G\u00fcnthersburgpark musikalisch-kreativ gearbeitet. Auch f\u00fcr das leibliche Wohl vor Ort wurde mit einem Fr\u00fchst\u00fcck, Mittagessen und ausreichend Getr\u00e4nken gesorgt. Ein besonderer Dank geht an dieser Stelle noch einmal an den Kinderschutzbund und die Studenten und Professoren der HfMDK, die mit viel Feingef\u00fchl und Durchhalteverm\u00f6gen die musikalische Arbeit mit der F3 realisiert haben.&nbsp;<\/strong><\/p>\n\n\n\n<figure class=\"wp-block-image size-large\"><img loading=\"lazy\" width=\"768\" height=\"1024\" src=\"http:\/\/kgs-niederrad.de\/wp-content\/uploads\/2023\/09\/Projkt-F3-768x1024.jpg\" alt=\"\" class=\"wp-image-4593\" srcset=\"https:\/\/kgs-niederrad.de\/wp-content\/uploads\/2023\/09\/Projkt-F3-768x1024.jpg 768w, https:\/\/kgs-niederrad.de\/wp-content\/uploads\/2023\/09\/Projkt-F3-225x300.jpg 225w, https:\/\/kgs-niederrad.de\/wp-content\/uploads\/2023\/09\/Projkt-F3-1152x1536.jpg 1152w, https:\/\/kgs-niederrad.de\/wp-content\/uploads\/2023\/09\/Projkt-F3-1536x2048.jpg 1536w, https:\/\/kgs-niederrad.de\/wp-content\/uploads\/2023\/09\/Projkt-F3-400x533.jpg 400w, https:\/\/kgs-niederrad.de\/wp-content\/uploads\/2023\/09\/Projkt-F3-scaled.jpg 1920w\" sizes=\"(max-width: 768px) 100vw, 768px\" \/><\/figure>\n","protected":false},"excerpt":{"rendered":"<p>Ph\u00e4nomenal. So etwas erlebt man nicht alle Tage. Zwischen dem 25. und 27.September hatte die Klasse F3 in Begleitung von Herrn Baingo (Klassentutor) und Herrn Noack (Musiklehrer) ein Erlebnis der besonderen Art. An nur drei Tagen haben die Sch\u00fclerinnen und [&hellip;]<\/p>\n","protected":false},"author":6,"featured_media":4590,"comment_status":"closed","ping_status":"open","sticky":false,"template":"","format":"standard","meta":[],"categories":[1],"tags":[],"_links":{"self":[{"href":"https:\/\/kgs-niederrad.de\/index.php\/wp-json\/wp\/v2\/posts\/4589"}],"collection":[{"href":"https:\/\/kgs-niederrad.de\/index.php\/wp-json\/wp\/v2\/posts"}],"about":[{"href":"https:\/\/kgs-niederrad.de\/index.php\/wp-json\/wp\/v2\/types\/post"}],"author":[{"embeddable":true,"href":"https:\/\/kgs-niederrad.de\/index.php\/wp-json\/wp\/v2\/users\/6"}],"replies":[{"embeddable":true,"href":"https:\/\/kgs-niederrad.de\/index.php\/wp-json\/wp\/v2\/comments?post=4589"}],"version-history":[{"count":3,"href":"https:\/\/kgs-niederrad.de\/index.php\/wp-json\/wp\/v2\/posts\/4589\/revisions"}],"predecessor-version":[{"id":4701,"href":"https:\/\/kgs-niederrad.de\/index.php\/wp-json\/wp\/v2\/posts\/4589\/revisions\/4701"}],"wp:featuredmedia":[{"embeddable":true,"href":"https:\/\/kgs-niederrad.de\/index.php\/wp-json\/wp\/v2\/media\/4590"}],"wp:attachment":[{"href":"https:\/\/kgs-niederrad.de\/index.php\/wp-json\/wp\/v2\/media?parent=4589"}],"wp:term":[{"taxonomy":"category","embeddable":true,"href":"https:\/\/kgs-niederrad.de\/index.php\/wp-json\/wp\/v2\/categories?post=4589"},{"taxonomy":"post_tag","embeddable":true,"href":"https:\/\/kgs-niederrad.de\/index.php\/wp-json\/wp\/v2\/tags?post=4589"}],"curies":[{"name":"wp","href":"https:\/\/api.w.org\/{rel}","templated":true}]}}