{"id":4610,"date":"2023-10-05T09:26:13","date_gmt":"2023-10-05T07:26:13","guid":{"rendered":"http:\/\/kgs-niederrad.de\/?p=4610"},"modified":"2023-10-05T09:26:13","modified_gmt":"2023-10-05T07:26:13","slug":"juniorwahl-zur-landtagswahl-2023-die-kgs-niederrad-ist-mit-dabei","status":"publish","type":"post","link":"https:\/\/kgs-niederrad.de\/index.php\/2023\/10\/05\/juniorwahl-zur-landtagswahl-2023-die-kgs-niederrad-ist-mit-dabei\/","title":{"rendered":"Juniorwahl zur Landtagswahl 2023: Die KGS-Niederrad ist mit dabei!"},"content":{"rendered":"\n<figure class=\"wp-block-image size-full\"><img loading=\"lazy\" width=\"710\" height=\"797\" src=\"http:\/\/kgs-niederrad.de\/wp-content\/uploads\/2023\/10\/Junior.jpg\" alt=\"\" class=\"wp-image-4612\" srcset=\"https:\/\/kgs-niederrad.de\/wp-content\/uploads\/2023\/10\/Junior.jpg 710w, https:\/\/kgs-niederrad.de\/wp-content\/uploads\/2023\/10\/Junior-267x300.jpg 267w, https:\/\/kgs-niederrad.de\/wp-content\/uploads\/2023\/10\/Junior-400x449.jpg 400w\" sizes=\"(max-width: 710px) 100vw, 710px\" \/><\/figure>\n\n\n\n<p>Heute ging es f\u00fcr die Klasse H1 bei der Juniorwahl an die Wahlurne.<br>Bei der Juniorwahl geht es um das \u00dcben und Erleben von Demokratie. In den letzten<br>Wochen stand das Thema \u201eDemokratie und Wahlen\u201c auf dem Stundenplan und nun geht es<br>\u2013 wie bei der \u201eechten\u201c Landtagswahl am 08.10.2023\u2013 f\u00fcr die Sch\u00fcler<em>innen mit Wahlbenachrichtigung und Ausweis in das Wahllokal. Die Wahlhelfer<\/em>innen Lenny und Lia, die vorher die W\u00e4hlerverzeichnisse angelegt haben und<br>sp\u00e4ter die Stimmen ausz\u00e4hlen, \u00fcbernehmen aktiv Verantwortung und sorgen f\u00fcr einen<br>reibungslosen Ablauf der Wahl.<br>Landesweit sind \u00fcber 4.400 Schulen mit \u00fcber 1,4 Millionen Sch\u00fcler*innen am Projekt<br>beteiligt:<br>https:\/\/www.juniorwahl.de\/juniorwahl-btw-2021.html<br>Wahlergebnis<br>Das Gesamtergebnis der Juniorwahl wird am Wahlsonntag, den 08.10. um 18:00 Uhr auf<br>http:\/\/www.juniorwahl.de ver\u00f6ffentlicht.<br>Hintergrund Juniorwahl<br>Die Juniorwahl zur Bundestagswahl wird gef\u00f6rdert durch den Deutschen Bundestag, das<br>Bundesministerium f\u00fcr Familie, Senioren, Frauen und Jugend sowie die Bundeszentrale f\u00fcr<br>politische Bildung.<\/p>\n\n\n\n<figure class=\"wp-block-image size-full\"><img loading=\"lazy\" width=\"710\" height=\"797\" src=\"http:\/\/kgs-niederrad.de\/wp-content\/uploads\/2023\/10\/Junio.jpg\" alt=\"\" class=\"wp-image-4613\" srcset=\"https:\/\/kgs-niederrad.de\/wp-content\/uploads\/2023\/10\/Junio.jpg 710w, https:\/\/kgs-niederrad.de\/wp-content\/uploads\/2023\/10\/Junio-267x300.jpg 267w, https:\/\/kgs-niederrad.de\/wp-content\/uploads\/2023\/10\/Junio-400x449.jpg 400w\" sizes=\"(max-width: 710px) 100vw, 710px\" \/><\/figure>\n\n\n\n<p><br>Seit 1999 wird die Juniorwahl als \u201ebest-practice-Projekt\u201c zur politischen Bildung bundesweit<br>zu Landtagswahlen, Bundestagswahlen und Europawahlen durchgef\u00fchrt. Seither haben sich<br>schon mehr als 3 Millionen Jugendliche beteiligt, wodurch die Juniorwahl zu den gr\u00f6\u00dften<br>Schulprojekten in Deutschland z\u00e4hlt.<\/p>\n","protected":false},"excerpt":{"rendered":"<p>Heute ging es f\u00fcr die Klasse H1 bei der Juniorwahl an die Wahlurne.Bei der Juniorwahl geht es um das \u00dcben und Erleben von Demokratie. In den letztenWochen stand das Thema \u201eDemokratie und Wahlen\u201c auf dem Stundenplan und nun geht es\u2013 [&hellip;]<\/p>\n","protected":false},"author":6,"featured_media":4611,"comment_status":"closed","ping_status":"open","sticky":false,"template":"","format":"standard","meta":[],"categories":[1],"tags":[],"_links":{"self":[{"href":"https:\/\/kgs-niederrad.de\/index.php\/wp-json\/wp\/v2\/posts\/4610"}],"collection":[{"href":"https:\/\/kgs-niederrad.de\/index.php\/wp-json\/wp\/v2\/posts"}],"about":[{"href":"https:\/\/kgs-niederrad.de\/index.php\/wp-json\/wp\/v2\/types\/post"}],"author":[{"embeddable":true,"href":"https:\/\/kgs-niederrad.de\/index.php\/wp-json\/wp\/v2\/users\/6"}],"replies":[{"embeddable":true,"href":"https:\/\/kgs-niederrad.de\/index.php\/wp-json\/wp\/v2\/comments?post=4610"}],"version-history":[{"count":1,"href":"https:\/\/kgs-niederrad.de\/index.php\/wp-json\/wp\/v2\/posts\/4610\/revisions"}],"predecessor-version":[{"id":4614,"href":"https:\/\/kgs-niederrad.de\/index.php\/wp-json\/wp\/v2\/posts\/4610\/revisions\/4614"}],"wp:featuredmedia":[{"embeddable":true,"href":"https:\/\/kgs-niederrad.de\/index.php\/wp-json\/wp\/v2\/media\/4611"}],"wp:attachment":[{"href":"https:\/\/kgs-niederrad.de\/index.php\/wp-json\/wp\/v2\/media?parent=4610"}],"wp:term":[{"taxonomy":"category","embeddable":true,"href":"https:\/\/kgs-niederrad.de\/index.php\/wp-json\/wp\/v2\/categories?post=4610"},{"taxonomy":"post_tag","embeddable":true,"href":"https:\/\/kgs-niederrad.de\/index.php\/wp-json\/wp\/v2\/tags?post=4610"}],"curies":[{"name":"wp","href":"https:\/\/api.w.org\/{rel}","templated":true}]}}