{"id":6151,"date":"2026-04-15T10:52:26","date_gmt":"2026-04-15T08:52:26","guid":{"rendered":"https:\/\/kgs-niederrad.de\/?p=6151"},"modified":"2026-04-15T10:54:33","modified_gmt":"2026-04-15T08:54:33","slug":"cleanup-frankfurt","status":"publish","type":"post","link":"https:\/\/kgs-niederrad.de\/index.php\/2026\/04\/15\/cleanup-frankfurt\/","title":{"rendered":"Cleanup Frankfurt"},"content":{"rendered":"\n<p>Die Sch\u00fclerinnen und Sch\u00fcler der KGS Niederrad beteilitgen sich im M\u00e4rz an der M\u00fcllsammelaktion der Stadt Frankfurt. Sie sammelten achtlos weggeworfenen M\u00fcll von Stra\u00dfen und Pl\u00e4tzen im Stadtteil Niederrad auf.  Die Aktion findet meist \u00fcber zwei Tage statt, freitags f\u00fcr Schulen und Firmen und samstags f\u00fcr alle B\u00fcrger. Da die Aktion sehr erfolgreich ist, steht der n\u00e4chste Termin f\u00fcr das Jahr 2027 schon fest: 12. und 13. M\u00e4rz 2027. Wir bedanken und bei allen Teilnehmenden.<\/p>\n\n\n\n<figure class=\"wp-block-image size-full\"><img loading=\"lazy\" width=\"417\" height=\"310\" src=\"https:\/\/kgs-niederrad.de\/wp-content\/uploads\/2026\/04\/Muell-2.png\" alt=\"\" class=\"wp-image-6153\" srcset=\"https:\/\/kgs-niederrad.de\/wp-content\/uploads\/2026\/04\/Muell-2.png 417w, https:\/\/kgs-niederrad.de\/wp-content\/uploads\/2026\/04\/Muell-2-300x223.png 300w, https:\/\/kgs-niederrad.de\/wp-content\/uploads\/2026\/04\/Muell-2-400x297.png 400w\" sizes=\"(max-width: 417px) 100vw, 417px\" \/><\/figure>\n","protected":false},"excerpt":{"rendered":"<p>Die Sch\u00fclerinnen und Sch\u00fcler der KGS Niederrad beteilitgen sich im M\u00e4rz an der M\u00fcllsammelaktion der Stadt Frankfurt. Sie sammelten achtlos weggeworfenen M\u00fcll von Stra\u00dfen und Pl\u00e4tzen im Stadtteil Niederrad auf. Die Aktion findet meist \u00fcber zwei Tage statt, freitags f\u00fcr [&hellip;]<\/p>\n","protected":false},"author":6,"featured_media":6156,"comment_status":"closed","ping_status":"open","sticky":false,"template":"","format":"standard","meta":[],"categories":[1],"tags":[],"_links":{"self":[{"href":"https:\/\/kgs-niederrad.de\/index.php\/wp-json\/wp\/v2\/posts\/6151"}],"collection":[{"href":"https:\/\/kgs-niederrad.de\/index.php\/wp-json\/wp\/v2\/posts"}],"about":[{"href":"https:\/\/kgs-niederrad.de\/index.php\/wp-json\/wp\/v2\/types\/post"}],"author":[{"embeddable":true,"href":"https:\/\/kgs-niederrad.de\/index.php\/wp-json\/wp\/v2\/users\/6"}],"replies":[{"embeddable":true,"href":"https:\/\/kgs-niederrad.de\/index.php\/wp-json\/wp\/v2\/comments?post=6151"}],"version-history":[{"count":2,"href":"https:\/\/kgs-niederrad.de\/index.php\/wp-json\/wp\/v2\/posts\/6151\/revisions"}],"predecessor-version":[{"id":6157,"href":"https:\/\/kgs-niederrad.de\/index.php\/wp-json\/wp\/v2\/posts\/6151\/revisions\/6157"}],"wp:featuredmedia":[{"embeddable":true,"href":"https:\/\/kgs-niederrad.de\/index.php\/wp-json\/wp\/v2\/media\/6156"}],"wp:attachment":[{"href":"https:\/\/kgs-niederrad.de\/index.php\/wp-json\/wp\/v2\/media?parent=6151"}],"wp:term":[{"taxonomy":"category","embeddable":true,"href":"https:\/\/kgs-niederrad.de\/index.php\/wp-json\/wp\/v2\/categories?post=6151"},{"taxonomy":"post_tag","embeddable":true,"href":"https:\/\/kgs-niederrad.de\/index.php\/wp-json\/wp\/v2\/tags?post=6151"}],"curies":[{"name":"wp","href":"https:\/\/api.w.org\/{rel}","templated":true}]}}